{"id":9185,"date":"2015-09-10T18:19:54","date_gmt":"2015-09-10T21:19:54","guid":{"rendered":"http:\/\/miltonmarchioli.com.br\/blog\/?p=9185"},"modified":"2022-02-11T10:53:35","modified_gmt":"2022-02-11T13:53:35","slug":"viii-semana-de-tecnologia-da-informacao-criacao-da-lei-do-parque-tecnologico-de-marilia-pelo-comcit","status":"publish","type":"post","link":"https:\/\/miltonmarchioli.com.br\/blog\/viii-semana-de-tecnologia-da-informacao-criacao-da-lei-do-parque-tecnologico-de-marilia-pelo-comcit\/","title":{"rendered":"VIII Semana de Tecnologia da Informa\u00e7\u00e3o. Cria\u00e7\u00e3o da Lei do Parque Tecnol\u00f3gico de Mar\u00edlia pelo COMCIT"},"content":{"rendered":"<p><a href=\"https:\/\/miltonmarchioli.com.br\/blog\/wp-content\/uploads\/VIII-Semana-da-Tecnologia-da-Informa\u00e7\u00e3o.jpg\"><img loading=\"lazy\" decoding=\"async\" class=\"alignleft wp-image-12272\" src=\"https:\/\/miltonmarchioli.com.br\/blog\/wp-content\/uploads\/VIII-Semana-da-Tecnologia-da-Informa\u00e7\u00e3o-300x300.jpg\" alt=\"VIII Semana da Tecnologia da Informa\u00e7\u00e3o\" width=\"267\" height=\"267\" srcset=\"https:\/\/miltonmarchioli.com.br\/blog\/wp-content\/uploads\/VIII-Semana-da-Tecnologia-da-Informa\u00e7\u00e3o-300x300.jpg 300w, https:\/\/miltonmarchioli.com.br\/blog\/wp-content\/uploads\/VIII-Semana-da-Tecnologia-da-Informa\u00e7\u00e3o-150x150.jpg 150w, https:\/\/miltonmarchioli.com.br\/blog\/wp-content\/uploads\/VIII-Semana-da-Tecnologia-da-Informa\u00e7\u00e3o-768x768.jpg 768w, https:\/\/miltonmarchioli.com.br\/blog\/wp-content\/uploads\/VIII-Semana-da-Tecnologia-da-Informa\u00e7\u00e3o.jpg 960w\" sizes=\"auto, (max-width: 267px) 100vw, 267px\" \/><\/a>Ao lado de outros convidados e membros do COMCIT aconteceu no Univem a\u00a0 VIII Semana de Tecnologia da Informa\u00e7\u00e3o.<\/p>\n<p>A palestra de abertura teve como discuss\u00e3o principal a idealiza\u00e7\u00e3o do futuro Parque Tecnol\u00f3gico de Mar\u00edlia a ser implantado em futuro pr\u00f3ximo.<\/p>\n<p>Existem outros parques tecnol\u00f3gicos no Brasil, e no interior do Estado de S\u00e3o Paulo destacam-se os da cidade de S\u00e3o Jos\u00e9 do Rio Preto e de S\u00e3o Jos\u00e9 dos Campos.<\/p>\n<p>Apresentando o Parque Tecnol\u00f3gico da cidade de S\u00e3o Jos\u00e9 do Rio Preto esteve o professor Johnny Rizzieri Olivieri, e destacando a import\u00e2ncia do Parque Tecnol\u00f3gico da Cidade de S\u00e3o Jos\u00e9 dos Campos o palestrante Hor\u00e1cio Aragon\u00eas Forjaz.<\/p>\n<p>Os palestrantes enfatizaram a\u00a0 necessidade de construir a infraestrutura m\u00ednima necess\u00e1ria oferecida pela prefeitura do munic\u00edpio, no qual se deseja instalar o parque tecnol\u00f3gico, e posteriormente as parcerias p\u00fablico-privadas para atrair as empresas a serem instaladas no mesmo.<\/p>\n<p>O Secret\u00e1rio Municipal de Desenvolvimento Econ\u00f4mico e Turismo C\u00e1ssio Luiz Pinto J\u00fanior esteve presente no evento da VIII Semana de Tecnologia da Informa\u00e7\u00e3o, e atualmente coordena o COMCIT- Conselho Municipal de Ci\u00eancia, Tecnologia e Inova\u00e7\u00e3o.<\/p>\n<p>Estivemos representando a Unesp de Mar\u00edlia no evento que ressaltou a import\u00e2ncia do futuro Parque Tecnol\u00f3gico da Cidade de Mar\u00edlia como membro\u00a0 permanente no COMCIT, e pelo projeto em curso da cria\u00e7\u00e3o da Lei Municipal do Parque Tecnol\u00f3gico de Mar\u00edlia com membros de outras faculdades e universidades.<\/p>\n<p><a href=\"https:\/\/miltonmarchioli.com.br\/blog\/wp-content\/uploads\/Marchioli-e-C\u00e1ssio-2-08-09-2015.jpg\"><img loading=\"lazy\" decoding=\"async\" class=\"aligncenter size-full wp-image-12273\" src=\"https:\/\/miltonmarchioli.com.br\/blog\/wp-content\/uploads\/Marchioli-e-C\u00e1ssio-2-08-09-2015.jpg\" alt=\"Marchioli e C\u00e1ssio 2 08-09-2015\" width=\"2198\" height=\"2732\" srcset=\"https:\/\/miltonmarchioli.com.br\/blog\/wp-content\/uploads\/Marchioli-e-C\u00e1ssio-2-08-09-2015.jpg 2198w, https:\/\/miltonmarchioli.com.br\/blog\/wp-content\/uploads\/Marchioli-e-C\u00e1ssio-2-08-09-2015-241x300.jpg 241w, https:\/\/miltonmarchioli.com.br\/blog\/wp-content\/uploads\/Marchioli-e-C\u00e1ssio-2-08-09-2015-768x955.jpg 768w, https:\/\/miltonmarchioli.com.br\/blog\/wp-content\/uploads\/Marchioli-e-C\u00e1ssio-2-08-09-2015-824x1024.jpg 824w\" sizes=\"auto, (max-width: 2198px) 100vw, 2198px\" \/><\/a><\/p>\n","protected":false},"excerpt":{"rendered":"<p>Ao lado de outros convidados e membros do COMCIT aconteceu no Univem a\u00a0 VIII Semana de Tecnologia da Informa\u00e7\u00e3o. A palestra de abertura teve como discuss\u00e3o principal a idealiza\u00e7\u00e3o do futuro Parque Tecnol\u00f3gico de Mar\u00edlia a ser implantado em futuro pr\u00f3ximo. Existem outros parques tecnol\u00f3gicos no Brasil, e no interior do Estado de S\u00e3o Paulo &hellip; <a href=\"https:\/\/miltonmarchioli.com.br\/blog\/viii-semana-de-tecnologia-da-informacao-criacao-da-lei-do-parque-tecnologico-de-marilia-pelo-comcit\/\" class=\"more-link\">Continue lendo <span class=\"screen-reader-text\">VIII Semana de Tecnologia da Informa\u00e7\u00e3o. Cria\u00e7\u00e3o da Lei do Parque Tecnol\u00f3gico de Mar\u00edlia pelo COMCIT<\/span> <span class=\"meta-nav\">&rarr;<\/span><\/a><\/p>\n","protected":false},"author":2,"featured_media":0,"comment_status":"open","ping_status":"open","sticky":false,"template":"","format":"standard","meta":{"rop_custom_images_group":[],"rop_custom_messages_group":[],"rop_publish_now":"initial","rop_publish_now_accounts":[],"rop_publish_now_history":[],"rop_publish_now_status":"pending","footnotes":""},"categories":[13,366],"tags":[472,546],"class_list":["post-9185","post","type-post","status-publish","format-standard","hentry","category-opiniao","category-politica","tag-milton-marchioli-e-cassio-luiz-pinto-junior","tag-viii-semana-da-tecnologia-da-informacao"],"_links":{"self":[{"href":"https:\/\/miltonmarchioli.com.br\/blog\/wp-json\/wp\/v2\/posts\/9185","targetHints":{"allow":["GET"]}}],"collection":[{"href":"https:\/\/miltonmarchioli.com.br\/blog\/wp-json\/wp\/v2\/posts"}],"about":[{"href":"https:\/\/miltonmarchioli.com.br\/blog\/wp-json\/wp\/v2\/types\/post"}],"author":[{"embeddable":true,"href":"https:\/\/miltonmarchioli.com.br\/blog\/wp-json\/wp\/v2\/users\/2"}],"replies":[{"embeddable":true,"href":"https:\/\/miltonmarchioli.com.br\/blog\/wp-json\/wp\/v2\/comments?post=9185"}],"version-history":[{"count":11,"href":"https:\/\/miltonmarchioli.com.br\/blog\/wp-json\/wp\/v2\/posts\/9185\/revisions"}],"predecessor-version":[{"id":13875,"href":"https:\/\/miltonmarchioli.com.br\/blog\/wp-json\/wp\/v2\/posts\/9185\/revisions\/13875"}],"wp:attachment":[{"href":"https:\/\/miltonmarchioli.com.br\/blog\/wp-json\/wp\/v2\/media?parent=9185"}],"wp:term":[{"taxonomy":"category","embeddable":true,"href":"https:\/\/miltonmarchioli.com.br\/blog\/wp-json\/wp\/v2\/categories?post=9185"},{"taxonomy":"post_tag","embeddable":true,"href":"https:\/\/miltonmarchioli.com.br\/blog\/wp-json\/wp\/v2\/tags?post=9185"}],"curies":[{"name":"wp","href":"https:\/\/api.w.org\/{rel}","templated":true}]}}