{"id":9206,"date":"2015-09-12T19:26:20","date_gmt":"2015-09-12T22:26:20","guid":{"rendered":"http:\/\/miltonmarchioli.com.br\/blog\/?p=9206"},"modified":"2022-02-11T10:55:45","modified_gmt":"2022-02-11T13:55:45","slug":"refugiados-do-pt","status":"publish","type":"post","link":"https:\/\/miltonmarchioli.com.br\/blog\/refugiados-do-pt\/","title":{"rendered":"Refugiados do PT"},"content":{"rendered":"<p><a href=\"https:\/\/miltonmarchioli.com.br\/blog\/wp-content\/uploads\/lula-e-dilma.jpg\"><img loading=\"lazy\" decoding=\"async\" class=\"alignleft wp-image-9208\" src=\"https:\/\/miltonmarchioli.com.br\/blog\/wp-content\/uploads\/lula-e-dilma-300x200.jpg\" alt=\"lula e dilma\" width=\"270\" height=\"180\" srcset=\"https:\/\/miltonmarchioli.com.br\/blog\/wp-content\/uploads\/lula-e-dilma-300x200.jpg 300w, https:\/\/miltonmarchioli.com.br\/blog\/wp-content\/uploads\/lula-e-dilma.jpg 800w\" sizes=\"auto, (max-width: 270px) 100vw, 270px\" \/><\/a>Brilhante texto apresentado pelo colunista Humberto Migiolaro, m\u00e9dico e advogado, sobre a atual situa\u00e7\u00e3o pol\u00edtica que assola o Brasil.<\/p>\n<p>O Brasil governado pelos esquerdopatas\u00a0 quebraram e destru\u00edram o sonho dos brasileiros de sermos a na\u00e7\u00e3o pr\u00f3spera do s\u00e9culo XXI.<\/p>\n<p>O sonho acabou !<\/p>\n<p>Vamos demorar 20 anos para recuperar as sequelas dos comunistas do PT.<\/p>\n<p>Vamos ao texto:<\/p>\n<p>&#8220;O mundo vive dias tensos causados pelo drama dos refugiados que deixam o inferno das guerras e da mis\u00e9ria africana e do oriente m\u00e9dio. Centenas de milhares de cidad\u00e3os abandonam suas casas, posses e bens e, com suas fam\u00edlias, compram a peso de ouro viagem mar\u00edtima para atravessar o Mediterr\u00e2neo em embarca\u00e7\u00f5es fr\u00e1geis e totalmente inseguras.<\/p>\n<p>Seguindo a tradi\u00e7\u00e3o da perversidade humana, bandidos vendem a milhares de d\u00f3lares esses disputados lugares nos barcos prometidos como seguros e confort\u00e1veis. O pagamento \u00e9 sempre adiantado.<\/p>\n<p>Na beira do cais encosta uma simples canoa sem seguran\u00e7a alguma e os pobres coitados n\u00e3o t\u00eam outra sa\u00edda sen\u00e3o arriscar sua vida e de sua fam\u00edlia nessas embarca\u00e7\u00f5es que muito provavelmente os levar\u00e3o \u00e0 morte durante a curta viagem.<\/p>\n<p>Todas as semanas barcos das marinhas europ\u00e9ias resgatam centenas de passageiros lan\u00e7ados ao mar pelo naufr\u00e1gio causado pelas imensas ondas e a total inseguran\u00e7a dos barcos. Grande parte das pessoas, homens, mulheres, velhos, crian\u00e7as morrem nas \u00e1guas sem socorro, na luta ingl\u00f3ria da liberta\u00e7\u00e3o das guerras, das destrui\u00e7\u00f5es, matan\u00e7as, fome e mis\u00e9ria causadas por organiza\u00e7\u00f5es criminosas intituladas de combatentes armados. S\u00e3o fac\u00ednoras que invadem as aldeias, saqueiam tudo o que encontram, destroem edifica\u00e7\u00f5es e matam tudo o que se move.<\/p>\n<p>Essas guerrilhas s\u00e3o infindas e as fac\u00e7\u00f5es criminosas se alteram e se superam na crueldade. Na S\u00edria a luta do governo contra os rebeldes deixa rastro de morte e destrui\u00e7\u00e3o em cidades inteiras, verdadeiros desertos humanos. No oriente m\u00e9dio as lutas de fac\u00e7\u00f5es religiosas causam os mesmos cen\u00e1rios descritos. Sem alternativas os seres humanos entram em desespero. A fuga \u00e9 necess\u00e1ria e o \u00fanico meio de sobreviv\u00eancia \u00e9 conseguir a chegada em algum pa\u00eds europeu.<\/p>\n<p>Os poucos felizardos que conseguem superar as incertezas da viagem mar\u00edtima caminham centenas de quil\u00f4metros para conseguir abrigo, \u00e1gua e comida. Os seres humanos se recolhem em improvisados abrigos, barracas de lona pl\u00e1stica sem condi\u00e7\u00f5es, mas \u00e9 o que os governos e as organiza\u00e7\u00f5es de socorro conseguem para tais infelizes fam\u00edlias.<\/p>\n<p>Os objetivos maiores dos retirantes s\u00e3o a Alemanha e a Inglaterra, mas qualquer pa\u00eds que lhes abrigue e lhes permita a vida e o trabalho \u00e9 um Oasis de sobreviv\u00eancia.<\/p>\n<p>As na\u00e7\u00f5es da Uni\u00e3o Europeia atrav\u00e9s de suas lideran\u00e7as re\u00fanem-se continuamente na tentativa de uma solu\u00e7\u00e3o de abrigo aos fugitivos da fome, da matan\u00e7a e da crueldade.<\/p>\n<p>Nenhum pais ou governo se omite; todos buscam uma solu\u00e7\u00e3o menos traum\u00e1tica para a acomoda\u00e7\u00e3o por prec\u00e1ria que seja no socorro dos seres humanos em desespero. Trens abarrotados, \u00f4nibus superlotados, carros, caminh\u00f5es, e levas de pessoas se arrastam pelas estradas em desfile m\u00f3rbido que comovem o mundo civilizado.<\/p>\n<p>At\u00e9 aquela que \u00e9 considerada como a frieza em pessoa, a Chanceler alem\u00e3 \u00c2ngela Merkel participa das reuni\u00f5es e tem apresentado solu\u00e7\u00f5es que j\u00e1 estariam sendo efetivadas dentro do pr\u00f3prio territ\u00f3rio alem\u00e3o. \u00c9 uma situa\u00e7\u00e3o dif\u00edcil, constrangedora, mas as lideran\u00e7as europeias e o desespero dos refugiados buscam uma solu\u00e7\u00e3o mesmo que seja tempor\u00e1ria para o drama que atinge as pessoas de bem do planeta.<\/p>\n<p>Em nossa p\u00e1tria, durante a realiza\u00e7\u00e3o dos Jogos Pan Americanos do Rio de Janeiro em 2007 dois boxeadores cubanos, Guilhermo Rigondeaux e Erislandy Lara, fugiram de seus alojamentos na tentativa de escapar do confort\u00e1vel regime cubano dos irm\u00e3os Castro. O presidente Lula da Silva acionou a Policia Federal com seus c\u00e3es farejadores para a localiza\u00e7\u00e3o dos dois fugitivos do para\u00edso do Caribe. Encontrados fizeram-nos assinar Termo de Deporta\u00e7\u00e3o e os devolveram como objeto ao regime castrista.<\/p>\n<p>Sorte diferente teve o criminoso Cesare Battisti que condenado na It\u00e1lia por assassinato de quatro pessoas fugiu para nosso pa\u00eds. No apagar das luzes de seu lament\u00e1vel governo, na calada da noite de 31 de dezembro de 2010 Lula da Silva decidiu sorrateiramente negar o pedido de extradi\u00e7\u00e3o feito pelo governo italiano para o cumprimento de pena por assassinato m\u00faltiplo.<\/p>\n<p>Hoje o protegido de Lula vive leve e solto e frequenta tranquilamente as baladas noturnas de S\u00e3o Paulo<\/p>\n<p>Nenhum auxilio aos dos refugiados na Europa foi encaminhado pela nossa presidente, que, ao contr\u00e1rio, transforma os brasileiros em ref\u00e9ns de seu desastroso governo dentro de seu pr\u00f3prio pa\u00eds.<\/p>\n<p>A economia em frangalhos causados pelos trope\u00e7os e absurdos governamentais, a incompet\u00eancia administrativa, a falta de patriotismo e a extrema corrup\u00e7\u00e3o promovida e protegida pelo partido do governo afundam nossa p\u00e1tria, nossas empresas e nossos cidad\u00e3os desassistidos. N\u00e3o temos para onde fugir, o visto americano \u00e9 seleto a poucos privilegiados.<\/p>\n<p>As alternativas restantes s\u00e3o a fuga para a Venezuela de Maduro, Equador de Correa, Bol\u00edvia de Morales, Cuba de Castros ou Argentina de \u201cLa Kirchner\u201d.<\/p>\n<p>Melhor orar a Deus, pedir por melhores dias e segurar a barra por aqui mesmo.<\/p>\n<p>Pelo processo mais bandido e corrupto que nossa p\u00e1tria j\u00e1 assistiu nos tornamos simplesmente:<\/p>\n<p style=\"text-align: center;\"><strong>REFUGIADOS DO PT&#8221;<\/strong><\/p>\n<p>\u00a0<a href=\"https:\/\/miltonmarchioli.com.br\/blog\/wp-content\/uploads\/titanic-afundou.jpg\"><img loading=\"lazy\" decoding=\"async\" class=\"aligncenter wp-image-9209\" src=\"https:\/\/miltonmarchioli.com.br\/blog\/wp-content\/uploads\/titanic-afundou-1024x724.jpg\" alt=\"titanic - afundou\" width=\"587\" height=\"415\" srcset=\"https:\/\/miltonmarchioli.com.br\/blog\/wp-content\/uploads\/titanic-afundou-1024x724.jpg 1024w, https:\/\/miltonmarchioli.com.br\/blog\/wp-content\/uploads\/titanic-afundou-300x212.jpg 300w, https:\/\/miltonmarchioli.com.br\/blog\/wp-content\/uploads\/titanic-afundou.jpg 1600w\" sizes=\"auto, (max-width: 587px) 100vw, 587px\" \/><\/a><\/p>\n","protected":false},"excerpt":{"rendered":"<p>Brilhante texto apresentado pelo colunista Humberto Migiolaro, m\u00e9dico e advogado, sobre a atual situa\u00e7\u00e3o pol\u00edtica que assola o Brasil. O Brasil governado pelos esquerdopatas\u00a0 quebraram e destru\u00edram o sonho dos brasileiros de sermos a na\u00e7\u00e3o pr\u00f3spera do s\u00e9culo XXI. O sonho acabou ! Vamos demorar 20 anos para recuperar as sequelas dos comunistas do PT. &hellip; <a href=\"https:\/\/miltonmarchioli.com.br\/blog\/refugiados-do-pt\/\" class=\"more-link\">Continue lendo <span class=\"screen-reader-text\">Refugiados do PT<\/span> <span class=\"meta-nav\">&rarr;<\/span><\/a><\/p>\n","protected":false},"author":2,"featured_media":0,"comment_status":"open","ping_status":"open","sticky":false,"template":"","format":"standard","meta":{"rop_custom_images_group":[],"rop_custom_messages_group":[],"rop_publish_now":"initial","rop_publish_now_accounts":[],"rop_publish_now_history":[],"rop_publish_now_status":"pending","footnotes":""},"categories":[18,11,332,13,366],"tags":[474,1052],"class_list":["post-9206","post","type-post","status-publish","format-standard","hentry","category-direito","category-economia","category-educacao","category-opiniao","category-politica","tag-humberto-migiolaro","tag-refugiados-do-pt"],"_links":{"self":[{"href":"https:\/\/miltonmarchioli.com.br\/blog\/wp-json\/wp\/v2\/posts\/9206","targetHints":{"allow":["GET"]}}],"collection":[{"href":"https:\/\/miltonmarchioli.com.br\/blog\/wp-json\/wp\/v2\/posts"}],"about":[{"href":"https:\/\/miltonmarchioli.com.br\/blog\/wp-json\/wp\/v2\/types\/post"}],"author":[{"embeddable":true,"href":"https:\/\/miltonmarchioli.com.br\/blog\/wp-json\/wp\/v2\/users\/2"}],"replies":[{"embeddable":true,"href":"https:\/\/miltonmarchioli.com.br\/blog\/wp-json\/wp\/v2\/comments?post=9206"}],"version-history":[{"count":11,"href":"https:\/\/miltonmarchioli.com.br\/blog\/wp-json\/wp\/v2\/posts\/9206\/revisions"}],"predecessor-version":[{"id":13876,"href":"https:\/\/miltonmarchioli.com.br\/blog\/wp-json\/wp\/v2\/posts\/9206\/revisions\/13876"}],"wp:attachment":[{"href":"https:\/\/miltonmarchioli.com.br\/blog\/wp-json\/wp\/v2\/media?parent=9206"}],"wp:term":[{"taxonomy":"category","embeddable":true,"href":"https:\/\/miltonmarchioli.com.br\/blog\/wp-json\/wp\/v2\/categories?post=9206"},{"taxonomy":"post_tag","embeddable":true,"href":"https:\/\/miltonmarchioli.com.br\/blog\/wp-json\/wp\/v2\/tags?post=9206"}],"curies":[{"name":"wp","href":"https:\/\/api.w.org\/{rel}","templated":true}]}}