{"id":9239,"date":"2015-09-15T14:07:03","date_gmt":"2015-09-15T17:07:03","guid":{"rendered":"http:\/\/miltonmarchioli.com.br\/blog\/?p=9239"},"modified":"2022-02-12T09:43:25","modified_gmt":"2022-02-12T12:43:25","slug":"governo-de-dilma-rousseff-muda-criterios-para-o-cadastro-nacional-de-especialidades-medicas","status":"publish","type":"post","link":"https:\/\/miltonmarchioli.com.br\/blog\/governo-de-dilma-rousseff-muda-criterios-para-o-cadastro-nacional-de-especialidades-medicas\/","title":{"rendered":"Governo de Dilma Rousseff muda crit\u00e9rios para o Cadastro Nacional de Especialidades M\u00e9dicas"},"content":{"rendered":"<p><a href=\"https:\/\/miltonmarchioli.com.br\/blog\/wp-content\/uploads\/conselho-federal-de-medicina-legal.jpg\"><img loading=\"lazy\" decoding=\"async\" class=\"alignleft wp-image-12279\" src=\"https:\/\/miltonmarchioli.com.br\/blog\/wp-content\/uploads\/conselho-federal-de-medicina-legal-300x140.jpg\" alt=\"conselho federal de medicina- legal\" width=\"260\" height=\"121\" srcset=\"https:\/\/miltonmarchioli.com.br\/blog\/wp-content\/uploads\/conselho-federal-de-medicina-legal-300x140.jpg 300w, https:\/\/miltonmarchioli.com.br\/blog\/wp-content\/uploads\/conselho-federal-de-medicina-legal.jpg 430w\" sizes=\"auto, (max-width: 260px) 100vw, 260px\" \/><\/a>O Decreto n\u00ba 8516\/2015, da Presid\u00eancia da Rep\u00fablica, estabelece os crit\u00e9rios que dever\u00e3o ser observados pelo Governo no cadastro de especialistas.<\/p>\n<p>A proposta substitui o Decreto n\u00ba 8497\/2015, que suscitou fortes cr\u00edticas das entidades m\u00e9dicas e de v\u00e1rios parlamentares por abrir brechas para interfer\u00eancia nos processos de forma\u00e7\u00e3o de m\u00e9dicos especialistas no Pa\u00eds.<\/p>\n<p>Era o governo quem iria dizer quem seria o especialista.<\/p>\n<p>Mais uma das trapalhadas da senhora presidente Dilma Rousseff !<\/p>\n<p>O impacto da mudan\u00e7a aparece no artigo 2\u00ba do Decreto, onde se informa que apenas ser\u00e3o considerados especialistas os m\u00e9dicos com t\u00edtulo concedido pelas sociedades de especialidades, por meio da Associa\u00e7\u00e3o M\u00e9dica Brasileira (AMB), ou pelos programas de resid\u00eancia m\u00e9dica credenciados pela Comiss\u00e3o Nacional de Resid\u00eancia M\u00e9dica (CNRM).<\/p>\n<p>Al\u00e9m de eliminar as amea\u00e7as que pairavam sobre o processo de forma\u00e7\u00e3o dos especialistas, o texto publicado trouxe importante conquista para o movimento m\u00e9dico no Brasil.<\/p>\n<p>A Comiss\u00e3o Mista de Especialidades foi definida como o f\u00f3rum leg\u00edtimo para definir, por consenso, as especialidades m\u00e9dicas no Pa\u00eds.<\/p>\n<p>O grupo ser\u00e1 formado por dois representantes da CNRM &#8211; um do Minist\u00e9rio da Sa\u00fade e um do Minist\u00e9rio da Educa\u00e7\u00e3o; dois do CFM; e dois da AMB.<\/p>\n<p>Previsto na Lei do Mais M\u00e9dicos (12.871\/2013), o Cadastro integrar\u00e1 as informa\u00e7\u00f5es da base de dados dos sistemas de informa\u00e7\u00e3o em sa\u00fade do SUS, da Ag\u00eancia Nacional de Sa\u00fade Suplementar (ANS), da Comiss\u00e3o Nacional de Resid\u00eancia M\u00e9dica (CNRM), do Conselho Federal de Medicina (CFM), da Associa\u00e7\u00e3o M\u00e9dica Brasileira (AMB) e das sociedades de especialidades a ela vinculadas.<\/p>\n<p>Incluir\u00e1, ainda, informa\u00e7\u00f5es sobre as forma\u00e7\u00f5es e p\u00f3s-gradua\u00e7\u00f5es dos profissionais, que ser\u00e3o disponibilizadas permanentemente pelo Minist\u00e9rio da Educa\u00e7\u00e3o e pelas institui\u00e7\u00f5es de ensino superior.<\/p>\n<p><em>Confira os principais pontos do Decreto que recria o Cadastro Nacional de Especialistas:<\/em><\/p>\n<p>&#8211; O Cadastro Nacional de Especialistas reunir\u00e1 informa\u00e7\u00f5es para subsidiar os minist\u00e9rios da Sa\u00fade e da Educa\u00e7\u00e3o na parametriza\u00e7\u00e3o de a\u00e7\u00f5es de sa\u00fade p\u00fablica e de forma\u00e7\u00e3o em sa\u00fade; constituir\u00e1 a base de informa\u00e7\u00e3o p\u00fablica oficial na qual ser\u00e3o integradas informa\u00e7\u00f5es referentes \u00e0 especialidade m\u00e9dica de cada profissional m\u00e9dico constantes nas bases de dados da CNRM, CFM, AMB e sociedades de especialidades; constituir\u00e1 par\u00e2metros para a CNRM, AMB e sociedades de especialidades definirem a oferta de vagas nos programas de resid\u00eancia e de cursos de especializa\u00e7\u00e3o;<\/p>\n<p>&#8211; O t\u00edtulo de especialista de que tratam os dispositivos do Decreto 8497\/15 ser\u00e1 aquele concedido pelas sociedades de especialidades, por meio da AMB, ou pelos programas de resid\u00eancia m\u00e9dica credenciados pela CNRM;<\/p>\n<p>&#8211; Para assegurar a atualiza\u00e7\u00e3o do Cadastro, a AMB, as sociedades de especialidades e os programas de resid\u00eancia m\u00e9dica credenciados pela CNRM, \u201c\u00fanicas entidades que concedem t\u00edtulos de especialidades m\u00e9dicas no Pa\u00eds\u201d, disponibilizar\u00e3o ao Minist\u00e9rio da Sa\u00fade as informa\u00e7\u00f5es, sempre que concederem certifica\u00e7\u00e3o de especialidade m\u00e9dica;<\/p>\n<p>&#8211; A Comiss\u00e3o Mista de Especialidades ser\u00e1 composta por dois representantes da CNRM, dois representantes do CFM e dois representantes da AMB;<\/p>\n<p>&#8211; A Comiss\u00e3o Mista de Especialidades dever\u00e1 se manifestar quando da defini\u00e7\u00e3o pela AMB da matriz de compet\u00eancias exigidas para a emiss\u00e3o de t\u00edtulos de especialistas a serem concedidos por essa associa\u00e7\u00e3o, ou pelas sociedades de especialidades;<\/p>\n<p>&#8211; Compete \u00e0 CNRM definir a matriz de compet\u00eancia para a forma\u00e7\u00e3o de especialistas na \u00e1rea de resid\u00eancia m\u00e9dica;<\/p>\n<p>&#8211; Ser\u00e1 criada, no Cadastro Nacional de Especialistas, consulta espec\u00edfica de acesso ao cidad\u00e3o denominada Lista de Especialistas;<\/p>\n<p>&#8211; O Minist\u00e9rio da Sa\u00fade adotar\u00e1 provid\u00eancias para a implementa\u00e7\u00e3o e a disponibiliza\u00e7\u00e3o, no prazo de 120 dias, contado da data de publica\u00e7\u00e3o deste Decreto, do Cadastro Nacional de Especialistas.<\/p>\n<p>Em defesa de profissionais m\u00e9dicos especialistas\u00a0 com qualidade para uma Sa\u00fade P\u00fablica e Sa\u00fade Suplementar com qualidade !<\/p>\n<p>Abaixo o Programa Mais M\u00e9dicos que financia o governo torturador de Cuba !<\/p>\n<p><a href=\"https:\/\/miltonmarchioli.com.br\/blog\/wp-content\/uploads\/mais-medicos-cuba-card.jpg\"><img loading=\"lazy\" decoding=\"async\" class=\"aligncenter size-full wp-image-9989\" src=\"https:\/\/miltonmarchioli.com.br\/blog\/wp-content\/uploads\/mais-medicos-cuba-card.jpg\" alt=\"mais medicos- cuba card\" width=\"672\" height=\"372\" srcset=\"https:\/\/miltonmarchioli.com.br\/blog\/wp-content\/uploads\/mais-medicos-cuba-card.jpg 672w, https:\/\/miltonmarchioli.com.br\/blog\/wp-content\/uploads\/mais-medicos-cuba-card-300x166.jpg 300w\" sizes=\"auto, (max-width: 672px) 100vw, 672px\" \/><\/a><\/p>\n","protected":false},"excerpt":{"rendered":"<p>O Decreto n\u00ba 8516\/2015, da Presid\u00eancia da Rep\u00fablica, estabelece os crit\u00e9rios que dever\u00e3o ser observados pelo Governo no cadastro de especialistas. A proposta substitui o Decreto n\u00ba 8497\/2015, que suscitou fortes cr\u00edticas das entidades m\u00e9dicas e de v\u00e1rios parlamentares por abrir brechas para interfer\u00eancia nos processos de forma\u00e7\u00e3o de m\u00e9dicos especialistas no Pa\u00eds. Era o &hellip; <a href=\"https:\/\/miltonmarchioli.com.br\/blog\/governo-de-dilma-rousseff-muda-criterios-para-o-cadastro-nacional-de-especialidades-medicas\/\" class=\"more-link\">Continue lendo <span class=\"screen-reader-text\">Governo de Dilma Rousseff muda crit\u00e9rios para o Cadastro Nacional de Especialidades M\u00e9dicas<\/span> <span class=\"meta-nav\">&rarr;<\/span><\/a><\/p>\n","protected":false},"author":2,"featured_media":0,"comment_status":"open","ping_status":"open","sticky":false,"template":"","format":"standard","meta":{"rop_custom_images_group":[],"rop_custom_messages_group":[],"rop_publish_now":"initial","rop_publish_now_accounts":[],"rop_publish_now_history":[],"rop_publish_now_status":"pending","footnotes":""},"categories":[332,13,366],"tags":[1298,1297,1296],"class_list":["post-9239","post","type-post","status-publish","format-standard","hentry","category-educacao","category-opiniao","category-politica","tag-decreto-84972015","tag-decreto-85162015","tag-especialidades-medicas"],"_links":{"self":[{"href":"https:\/\/miltonmarchioli.com.br\/blog\/wp-json\/wp\/v2\/posts\/9239","targetHints":{"allow":["GET"]}}],"collection":[{"href":"https:\/\/miltonmarchioli.com.br\/blog\/wp-json\/wp\/v2\/posts"}],"about":[{"href":"https:\/\/miltonmarchioli.com.br\/blog\/wp-json\/wp\/v2\/types\/post"}],"author":[{"embeddable":true,"href":"https:\/\/miltonmarchioli.com.br\/blog\/wp-json\/wp\/v2\/users\/2"}],"replies":[{"embeddable":true,"href":"https:\/\/miltonmarchioli.com.br\/blog\/wp-json\/wp\/v2\/comments?post=9239"}],"version-history":[{"count":10,"href":"https:\/\/miltonmarchioli.com.br\/blog\/wp-json\/wp\/v2\/posts\/9239\/revisions"}],"predecessor-version":[{"id":13877,"href":"https:\/\/miltonmarchioli.com.br\/blog\/wp-json\/wp\/v2\/posts\/9239\/revisions\/13877"}],"wp:attachment":[{"href":"https:\/\/miltonmarchioli.com.br\/blog\/wp-json\/wp\/v2\/media?parent=9239"}],"wp:term":[{"taxonomy":"category","embeddable":true,"href":"https:\/\/miltonmarchioli.com.br\/blog\/wp-json\/wp\/v2\/categories?post=9239"},{"taxonomy":"post_tag","embeddable":true,"href":"https:\/\/miltonmarchioli.com.br\/blog\/wp-json\/wp\/v2\/tags?post=9239"}],"curies":[{"name":"wp","href":"https:\/\/api.w.org\/{rel}","templated":true}]}}