{"id":927,"date":"2011-10-15T14:02:02","date_gmt":"2011-10-15T14:02:02","guid":{"rendered":"http:\/\/miltonmarchioli.com.br\/blog\/?p=927"},"modified":"2022-01-04T10:34:58","modified_gmt":"2022-01-04T13:34:58","slug":"doenca-de-parkinson-2","status":"publish","type":"post","link":"https:\/\/miltonmarchioli.com.br\/blog\/doenca-de-parkinson-2\/","title":{"rendered":"Doen\u00e7a de Parkinson. Semin\u00e1rio. Curso de Medicina da Famema"},"content":{"rendered":"<p><a href=\"https:\/\/miltonmarchioli.com.br\/blog\/wp-content\/uploads\/doena-de-parkinson-bengala.jpg\"><img loading=\"lazy\" decoding=\"async\" class=\"alignleft wp-image-10308\" src=\"https:\/\/miltonmarchioli.com.br\/blog\/wp-content\/uploads\/doena-de-parkinson-bengala-300x162.jpg\" alt=\"doena de parkinson- bengala\" width=\"272\" height=\"147\" srcset=\"https:\/\/miltonmarchioli.com.br\/blog\/wp-content\/uploads\/doena-de-parkinson-bengala-300x162.jpg 300w, https:\/\/miltonmarchioli.com.br\/blog\/wp-content\/uploads\/doena-de-parkinson-bengala-1024x551.jpg 1024w\" sizes=\"auto, (max-width: 272px) 100vw, 272px\" \/><\/a><a href=\"https:\/\/miltonmarchioli.com.br\/blog\/wp-content\/uploads\/Doen\u00e7a-de-Parkinson-Daniella-Y.-Tsuji-Honda.ppt\">Semin\u00e1rio apresentando pela aluna do 4\u00ba do curso &#8211; Daniella Y. Tsuji Honda \u2013\u00a0 Faculdade de Medicina de Mar\u00edlia-\u00a0 Ambulat\u00f3rio de Cefaleia-\u00a0 disciplinas Neurologia e Educa\u00e7\u00e3o em Ci\u00eancias da Sa\u00fade abordando a Doen\u00e7a de Parkinson.<\/a><\/p>\n<p>A Doen\u00e7a de Parkinson \u00e9 muito prevalente nos idosos, e seu manejo cl\u00ednico \u00e9 necess\u00e1rio por cl\u00ednicos gerais, neurologistas e geriatras.<\/p>\n<p>A popula\u00e7\u00e3o brasileira ser\u00e1 em 2020, segundo pesquisas da Organiza\u00e7\u00e3o Mundial de Sa\u00fade, de 20 milh\u00f5es de idosos, e com isso mais doentes com a Doen\u00e7a de Parkinson estar\u00e3o em atendimento pelo SUS.<\/p>\n<p>Os alunos de medicina de hoje precisam se preparar para o atendimento de futuros doentes\u00a0 que surgir\u00e3o com o envelhecimento da popula\u00e7\u00e3o brasileira.<\/p>\n<p>E claro, al\u00e9m da doen\u00e7a, existe a necessidade de abordagem multiprofissional do doente com a Doen\u00e7a de Parkinson.<\/p>\n<p>Descrita primeiramente por James Parkinson em\u00a0 &#8220;An Essay on the Shaking Pulse&#8221; (1817), a Doen\u00e7a de Parkinson \u00e9 um dos dist\u00farbios do movimento que mais acomete os idosos.<\/p>\n<p>\u00c9 caracterizada por quatro sinais essenciais: rigidez, tremor, bradicinesia, e instabilidade postural. H\u00e1 tamb\u00e9m comprometimento cognitivo que, aliado ao dist\u00farbio motor, gera incapacidade compar\u00e1vel aos acidentes vasculares cerebrais.<\/p>\n<p>A Doen\u00e7a de Parkinson \u00e9 um desequil\u00edbrio do sistema nervoso central que afeta milhares de pessoas.<\/p>\n<p>Porque n\u00e3o \u00e9 contagioso e n\u00e3o tem que ser relatado por m\u00e9dicos, a incid\u00eancia da doen\u00e7a \u00e9 frequentemente subestimada.<\/p>\n<p>A Doen\u00e7a de Parkinson pode aparecer em qualquer idade, mas \u00e9 pouco comum nas pessoas com idade inferior a 30 anos, o risco de desenvolv\u00ea-la aumenta com a idade.<\/p>\n<p>Ocorre em todas as partes do mundo, e os homens s\u00e3o ligeiramente mais afetados do que mulheres.<\/p>\n<p>1 &#8211; Epidemiologia<\/p>\n<p>A preval\u00eancia da Doen\u00e7a de Parkinson \u00e9 estimada em cerca de 85 a 187 casos por 100.000 habitantes. A faixa et\u00e1ria mais acometida situa-se entre os 50 e 70 anos, com o pico aos 60 anos. A incid\u00eancia em homens \u00e9 ligeiramente maior que em mulheres (3:2).<\/p>\n<p>No entanto, pacientes com idade inferior a 40 anos ou mesmo 21 anos tamb\u00e9m podem ser acometidos pela mol\u00e9stia. No primeiro caso fala-se em parkinsonismo de in\u00edcio precoce e no segundo fala-se em parkinsonismo juvenil.<\/p>\n<p>2 &#8211; Etiopatogenia<\/p>\n<p>O quadro an\u00e1tomo-patol\u00f3gico na Doen\u00e7a de Parkinson \u00e9 amplo.\u00a0 Os corpos de Lewy s\u00e3o considerados a principal caracter\u00edstica patol\u00f3gica, podendo ser encontrados em outras doen\u00e7as degenerativas ou mesmo em indiv\u00edduos assintom\u00e1ticos. Tais corpos s\u00e3o inclus\u00f5es citoplasm\u00e1ticas eosinof\u00edlicas constitu\u00eddas por v\u00e1rias estruturas de natureza proteica encontradas em \u00e1reas de degenera\u00e7\u00e3o celular, podendo ser consideradas como marcadores de perda neuronal.<\/p>\n<p>Diversas hip\u00f3teses tem sido propostas para explicar a origem da patologia. Para cada uma delas h\u00e1 pontos a favor e pontos contr\u00e1rios, de modo que se pode pensar que a origem da doen\u00e7a se deva a uma combina\u00e7\u00e3o de, talvez, destes fatores aliados a outros que possam vir a ser descobertos.<\/p>\n<p>Atualmente h\u00e1 cinco linhas de racioc\u00ednio de maior interesse no que se refere a etiologia:<\/p>\n<ul>\n<li>A\u00e7\u00e3o de neurotoxinas ambientais.<\/li>\n<li>Produ\u00e7\u00e3o de radicais livres.<\/li>\n<li>Anormalidades mitocondriais.<\/li>\n<li>Predisposi\u00e7\u00e3o gen\u00e9tica.<\/li>\n<li>Envelhecimento cerebral.<\/li>\n<\/ul>\n<p>Lutemos por uma Sa\u00fade P\u00fablica com qualidade !<\/p>\n<p><img loading=\"lazy\" decoding=\"async\" class=\"aligncenter size-full wp-image-11883\" src=\"https:\/\/miltonmarchioli.com.br\/blog\/wp-content\/uploads\/doen\u00e7a-de-parkison-3.jpg\" alt=\"doen\u00e7a de parkison 3\" width=\"1280\" height=\"720\" srcset=\"https:\/\/miltonmarchioli.com.br\/blog\/wp-content\/uploads\/doen\u00e7a-de-parkison-3.jpg 1280w, https:\/\/miltonmarchioli.com.br\/blog\/wp-content\/uploads\/doen\u00e7a-de-parkison-3-300x169.jpg 300w, https:\/\/miltonmarchioli.com.br\/blog\/wp-content\/uploads\/doen\u00e7a-de-parkison-3-768x432.jpg 768w, https:\/\/miltonmarchioli.com.br\/blog\/wp-content\/uploads\/doen\u00e7a-de-parkison-3-1024x576.jpg 1024w\" sizes=\"auto, (max-width: 1280px) 100vw, 1280px\" \/><\/p>\n","protected":false},"excerpt":{"rendered":"<p>Semin\u00e1rio apresentando pela aluna do 4\u00ba do curso &#8211; Daniella Y. Tsuji Honda \u2013\u00a0 Faculdade de Medicina de Mar\u00edlia-\u00a0 Ambulat\u00f3rio de Cefaleia-\u00a0 disciplinas Neurologia e Educa\u00e7\u00e3o em Ci\u00eancias da Sa\u00fade abordando a Doen\u00e7a de Parkinson. A Doen\u00e7a de Parkinson \u00e9 muito prevalente nos idosos, e seu manejo cl\u00ednico \u00e9 necess\u00e1rio por cl\u00ednicos gerais, neurologistas e &hellip; <a href=\"https:\/\/miltonmarchioli.com.br\/blog\/doenca-de-parkinson-2\/\" class=\"more-link\">Continue lendo <span class=\"screen-reader-text\">Doen\u00e7a de Parkinson. Semin\u00e1rio. Curso de Medicina da Famema<\/span> <span class=\"meta-nav\">&rarr;<\/span><\/a><\/p>\n","protected":false},"author":2,"featured_media":0,"comment_status":"open","ping_status":"open","sticky":false,"template":"","format":"standard","meta":{"rop_custom_images_group":[],"rop_custom_messages_group":[],"rop_publish_now":"initial","rop_publish_now_accounts":[],"rop_publish_now_history":[],"rop_publish_now_status":"pending","footnotes":""},"categories":[332,4,9],"tags":[657,193],"class_list":["post-927","post","type-post","status-publish","format-standard","hentry","category-educacao","category-neurologia","category-saude-publica","tag-ambulatorio-de-cefaleia-ambulatorio-mario-covas-famema","tag-milton-marchioli"],"_links":{"self":[{"href":"https:\/\/miltonmarchioli.com.br\/blog\/wp-json\/wp\/v2\/posts\/927","targetHints":{"allow":["GET"]}}],"collection":[{"href":"https:\/\/miltonmarchioli.com.br\/blog\/wp-json\/wp\/v2\/posts"}],"about":[{"href":"https:\/\/miltonmarchioli.com.br\/blog\/wp-json\/wp\/v2\/types\/post"}],"author":[{"embeddable":true,"href":"https:\/\/miltonmarchioli.com.br\/blog\/wp-json\/wp\/v2\/users\/2"}],"replies":[{"embeddable":true,"href":"https:\/\/miltonmarchioli.com.br\/blog\/wp-json\/wp\/v2\/comments?post=927"}],"version-history":[{"count":19,"href":"https:\/\/miltonmarchioli.com.br\/blog\/wp-json\/wp\/v2\/posts\/927\/revisions"}],"predecessor-version":[{"id":13431,"href":"https:\/\/miltonmarchioli.com.br\/blog\/wp-json\/wp\/v2\/posts\/927\/revisions\/13431"}],"wp:attachment":[{"href":"https:\/\/miltonmarchioli.com.br\/blog\/wp-json\/wp\/v2\/media?parent=927"}],"wp:term":[{"taxonomy":"category","embeddable":true,"href":"https:\/\/miltonmarchioli.com.br\/blog\/wp-json\/wp\/v2\/categories?post=927"},{"taxonomy":"post_tag","embeddable":true,"href":"https:\/\/miltonmarchioli.com.br\/blog\/wp-json\/wp\/v2\/tags?post=927"}],"curies":[{"name":"wp","href":"https:\/\/api.w.org\/{rel}","templated":true}]}}