{"id":933,"date":"2011-10-15T23:21:34","date_gmt":"2011-10-15T23:21:34","guid":{"rendered":"http:\/\/miltonmarchioli.com.br\/blog\/?p=933"},"modified":"2022-01-04T11:03:11","modified_gmt":"2022-01-04T14:03:11","slug":"alunos-nao-comparecem-a-reuniao-agendada-pela-diretoria-de-graduacao-da-famema-a-diretoria-de-graduacao-da-famema","status":"publish","type":"post","link":"https:\/\/miltonmarchioli.com.br\/blog\/alunos-nao-comparecem-a-reuniao-agendada-pela-diretoria-de-graduacao-da-famema-a-diretoria-de-graduacao-da-famema\/","title":{"rendered":"Alunos n\u00e3o comparecem a reuni\u00e3o agendada pela Diretoria de Gradua\u00e7\u00e3o da Famema"},"content":{"rendered":"<p><a href=\"http:\/\/www.miltonmarchioli.com.br\/blog\/wp-content\/uploads\/aus\u00eancia.jpg\"><img loading=\"lazy\" decoding=\"async\" class=\"alignleft size-full wp-image-13432\" src=\"http:\/\/www.miltonmarchioli.com.br\/blog\/wp-content\/uploads\/aus\u00eancia.jpg\" alt=\"aus\u00eancia\" width=\"275\" height=\"183\" \/><\/a>A situa\u00e7\u00e3o na Famema se agrava, e os alunos desejam\u00a0 investimento na infraestrutura da faculdade, e contrata\u00e7\u00e3o de mais professores, e rediscuss\u00e3o do atual modelo de ensino-aprendizagem.<\/p>\n<p>E por fim, n\u00e3o querem mais o est\u00e1gio na cidade de Gar\u00e7a para o 4\u00ba ano do curso de medicina.<\/p>\n<p>O Jornal Correio Mariliense noticiou a aus\u00eancia da presen\u00e7a dos alunos \u00e0 reuni\u00e3o com a Diretoria Geral da Famema.<\/p>\n<p><img loading=\"lazy\" decoding=\"async\" class=\"aligncenter size-full wp-image-11885\" src=\"https:\/\/miltonmarchioli.com.br\/blog\/wp-content\/uploads\/figura-correio-mariliense-boicote-a-reuni\u00e3o.jpg\" alt=\"figura - correio mariliense- boicote a reuni\u00e3o\" width=\"977\" height=\"685\" srcset=\"https:\/\/miltonmarchioli.com.br\/blog\/wp-content\/uploads\/figura-correio-mariliense-boicote-a-reuni\u00e3o.jpg 977w, https:\/\/miltonmarchioli.com.br\/blog\/wp-content\/uploads\/figura-correio-mariliense-boicote-a-reuni\u00e3o-300x210.jpg 300w, https:\/\/miltonmarchioli.com.br\/blog\/wp-content\/uploads\/figura-correio-mariliense-boicote-a-reuni\u00e3o-768x538.jpg 768w\" sizes=\"auto, (max-width: 977px) 100vw, 977px\" \/><\/p>\n<p>Os alunos aguardam as reivindica\u00e7\u00f5es\u00a0 propostas pelo DACA -Diret\u00f3rio Acad\u00eamico Christiano Altenfelder &#8211; para a\u00a0 discuss\u00e3o do atual modelo\u00a0 de ensino-aprendizagem do PBL da Famema, o qual transfere toda a responsabilidade do\u00a0 &#8220;aprender a aprender&#8221; para os alunos.<\/p>\n<p>Solicitam, outrossim,\u00a0 rediscuss\u00e3o das avalia\u00e7\u00f5es feitas pelos docentes, como inser\u00e7\u00f5es de provas, por exemplo, ao longo do bimestre, e\u00a0 revis\u00e3o dos conceitos subjetivos de avalia\u00e7\u00e3o exarados nos formatos F3, tanto na UPP- Unidade de Pr\u00e1tica Profissional (preenchido por m\u00e9dicos da Prefeitura do Munic\u00edpio de Mar\u00edlia e Gar\u00e7a] e nas tutorias.<\/p>\n<p>Alunos exigem mudan\u00e7as e melhorias no atual modelo de ensino !<\/p>\n<p><a href=\"http:\/\/www.miltonmarchioli.com.br\/blog\/wp-content\/uploads\/absent.jpg\"><img loading=\"lazy\" decoding=\"async\" class=\"aligncenter size-full wp-image-13433\" src=\"http:\/\/www.miltonmarchioli.com.br\/blog\/wp-content\/uploads\/absent.jpg\" alt=\"absent\" width=\"1293\" height=\"552\" srcset=\"https:\/\/miltonmarchioli.com.br\/blog\/wp-content\/uploads\/absent.jpg 1293w, https:\/\/miltonmarchioli.com.br\/blog\/wp-content\/uploads\/absent-300x128.jpg 300w, https:\/\/miltonmarchioli.com.br\/blog\/wp-content\/uploads\/absent-768x328.jpg 768w, https:\/\/miltonmarchioli.com.br\/blog\/wp-content\/uploads\/absent-1024x437.jpg 1024w\" sizes=\"auto, (max-width: 1293px) 100vw, 1293px\" \/><\/a><\/p>\n<p>&nbsp;<\/p>\n<p>&nbsp;<\/p>\n<p>&nbsp;<\/p>\n","protected":false},"excerpt":{"rendered":"<p>A situa\u00e7\u00e3o na Famema se agrava, e os alunos desejam\u00a0 investimento na infraestrutura da faculdade, e contrata\u00e7\u00e3o de mais professores, e rediscuss\u00e3o do atual modelo de ensino-aprendizagem. E por fim, n\u00e3o querem mais o est\u00e1gio na cidade de Gar\u00e7a para o 4\u00ba ano do curso de medicina. O Jornal Correio Mariliense noticiou a aus\u00eancia da &hellip; <a href=\"https:\/\/miltonmarchioli.com.br\/blog\/alunos-nao-comparecem-a-reuniao-agendada-pela-diretoria-de-graduacao-da-famema-a-diretoria-de-graduacao-da-famema\/\" class=\"more-link\">Continue lendo <span class=\"screen-reader-text\">Alunos n\u00e3o comparecem a reuni\u00e3o agendada pela Diretoria de Gradua\u00e7\u00e3o da Famema<\/span> <span class=\"meta-nav\">&rarr;<\/span><\/a><\/p>\n","protected":false},"author":2,"featured_media":0,"comment_status":"open","ping_status":"open","sticky":false,"template":"","format":"standard","meta":{"rop_custom_images_group":[],"rop_custom_messages_group":[],"rop_publish_now":"initial","rop_publish_now_accounts":[],"rop_publish_now_history":[],"rop_publish_now_status":"pending","footnotes":""},"categories":[8,332,13],"tags":[1189,101],"class_list":["post-933","post","type-post","status-publish","format-standard","hentry","category-direito-e-saude","category-educacao","category-opiniao","tag-diretorio-academico-christiano-altenfelder-daca","tag-pbl-famema"],"_links":{"self":[{"href":"https:\/\/miltonmarchioli.com.br\/blog\/wp-json\/wp\/v2\/posts\/933","targetHints":{"allow":["GET"]}}],"collection":[{"href":"https:\/\/miltonmarchioli.com.br\/blog\/wp-json\/wp\/v2\/posts"}],"about":[{"href":"https:\/\/miltonmarchioli.com.br\/blog\/wp-json\/wp\/v2\/types\/post"}],"author":[{"embeddable":true,"href":"https:\/\/miltonmarchioli.com.br\/blog\/wp-json\/wp\/v2\/users\/2"}],"replies":[{"embeddable":true,"href":"https:\/\/miltonmarchioli.com.br\/blog\/wp-json\/wp\/v2\/comments?post=933"}],"version-history":[{"count":23,"href":"https:\/\/miltonmarchioli.com.br\/blog\/wp-json\/wp\/v2\/posts\/933\/revisions"}],"predecessor-version":[{"id":13434,"href":"https:\/\/miltonmarchioli.com.br\/blog\/wp-json\/wp\/v2\/posts\/933\/revisions\/13434"}],"wp:attachment":[{"href":"https:\/\/miltonmarchioli.com.br\/blog\/wp-json\/wp\/v2\/media?parent=933"}],"wp:term":[{"taxonomy":"category","embeddable":true,"href":"https:\/\/miltonmarchioli.com.br\/blog\/wp-json\/wp\/v2\/categories?post=933"},{"taxonomy":"post_tag","embeddable":true,"href":"https:\/\/miltonmarchioli.com.br\/blog\/wp-json\/wp\/v2\/tags?post=933"}],"curies":[{"name":"wp","href":"https:\/\/api.w.org\/{rel}","templated":true}]}}