{"id":947,"date":"2011-10-18T15:38:10","date_gmt":"2011-10-18T15:38:10","guid":{"rendered":"http:\/\/miltonmarchioli.com.br\/blog\/?p=947"},"modified":"2022-01-06T19:00:44","modified_gmt":"2022-01-06T22:00:44","slug":"epilepsia-seminario-curso-de-medicina-da-famema","status":"publish","type":"post","link":"https:\/\/miltonmarchioli.com.br\/blog\/epilepsia-seminario-curso-de-medicina-da-famema\/","title":{"rendered":"Epilepsia. Semin\u00e1rio. Curso de medicina da Famema"},"content":{"rendered":"<p><a href=\"https:\/\/miltonmarchioli.com.br\/blog\/wp-content\/uploads\/epilesia-amarelo.jpg\"><img loading=\"lazy\" decoding=\"async\" class=\"alignleft wp-image-5951\" title=\"epilesia- amarelo\" src=\"https:\/\/miltonmarchioli.com.br\/blog\/wp-content\/uploads\/epilesia-amarelo.jpg\" alt=\"\" width=\"233\" height=\"156\" srcset=\"https:\/\/miltonmarchioli.com.br\/blog\/wp-content\/uploads\/epilesia-amarelo.jpg 400w, https:\/\/miltonmarchioli.com.br\/blog\/wp-content\/uploads\/epilesia-amarelo-300x200.jpg 300w\" sizes=\"auto, (max-width: 233px) 100vw, 233px\" \/><\/a>Semin\u00e1rio apresentado pela aluna do\u00a0 4\u00ba do curso de medicina\u00a0da Famema\u00a0&#8211; Eliana Mendes &#8211;\u00a0no Ambulat\u00f3rio Mario Covas- Ambulat\u00f3rio de Cefaleia- disciplinas\u00a0 Neurologia e Educa\u00e7\u00e3o em Ci\u00eancias da Sa\u00fade sobre\u00a0<a href=\"https:\/\/miltonmarchioli.com.br\/blog\/wp-content\/uploads\/Epilepsia-Eliana-Mendes-2011.ppt\">Epilepsia<\/a>\u00a0\u00a0abordando as crises epil\u00e9pticas,\u00a0classifica\u00e7\u00e3o das crises, e sinais e sintomas\u00a0dos tipos de \u00a0crises que podem\u00a0se apresentar no curso da\u00a0Epilepsia.<\/p>\n<p>O conhecimento das crises convulsivas \u00e9 fundamental para a escolha correta dos anticonvulsivantes, pois existem v\u00e1rios mecanismos diferentes nesse f\u00e1rmacos, e o entendimento dos mesmos proporciona melhor resultado terap\u00eautico.<\/p>\n<p>A classifica\u00e7\u00e3o dos tipos de crises convulsivas\u00a0deve ser compreendida\u00a0pelos alunos do curso de medicina, bem como a epilepsia durante o curso m\u00e9dico.<\/p>\n<h4>Epilepsia<\/h4>\n<h4>Defini\u00e7\u00e3o:<\/h4>\n<p>\u00c9 uma altera\u00e7\u00e3o tempor\u00e1ria e revers\u00edvel do funcionamento do c\u00e9rebro, que n\u00e3o tenha sido causada por febre, drogas ou dist\u00farbios metab\u00f3licos e se expressa por crises epil\u00e9pticas repetidas e frequentes.<\/p>\n<h4>Causas:<\/h4>\n<p>A causa pode ser uma les\u00e3o no c\u00e9rebro, decorrente de uma forte pancada na cabe\u00e7a, uma infec\u00e7\u00e3o (meningite, por exemplo), neurocisticercose, abuso de bebidas alco\u00f3licas, de drogas, hip\u00f3xia no momento do parto, etc.<\/p>\n<h4>Sintomas:<\/h4>\n<p>As crises epil\u00e9pticas podem se manifestar de diferentes maneiras:<\/p>\n<p>A crise convulsiva \u00e9 a forma mais conhecida pelas pessoas,\u00a0 e \u00e9 identificada como &#8220;ataque epil\u00e9ptico&#8221;. Nesse tipo de crise a pessoa pode cair ao ch\u00e3o, apresentar contra\u00e7\u00f5es musculares em todo o corpo, mordedura da l\u00edngua, saliva\u00e7\u00e3o intensa, respira\u00e7\u00e3o ofegante e, \u00e0s vezes, elimina\u00e7\u00e3o de urina.<\/p>\n<p>A crise do tipo &#8220;aus\u00eancia&#8221; \u00e9 conhecida como &#8220;desligamentos&#8221;. A pessoa fica com o olhar fixo, perde contato com o meio por alguns segundos. Por ser de curt\u00edssima dura\u00e7\u00e3o, e muitas vezes n\u00e3o \u00e9 percebida pelos familiares e\/ou professores do aluno.<\/p>\n<p>H\u00e1 um tipo de crise que se manifesta como se a pessoas estivesse &#8220;alerta&#8221; mas n\u00e3o tem controle de seus atos, fazendo movimentos automaticamente. Durante esses movimentos autom\u00e1ticos involunt\u00e1rios, a pessoa pode ficar mastigando, falando de modo incompreens\u00edvel ou andando sem dire\u00e7\u00e3o definida. Em geral, a pessoa n\u00e3o se recorda do que aconteceu quando a crise termina. Esta \u00e9 chamada de crise parcial\u00a0 complexa.<\/p>\n<div>\n<p>Existem outros tipos de crises que podem provocar quedas ao solo sem nenhum movimento ou contra\u00e7\u00f5es ou, ent\u00e3o, ter percep\u00e7\u00f5es visuais ou auditivas estranhas ou, ainda, altera\u00e7\u00f5es transit\u00f3rias da mem\u00f3ria<\/p>\n<h4>Tratamento:<\/h4>\n<p>O tratamento das epilepsias \u00e9 feito atrav\u00e9s de medicamentos que evitam as descargas el\u00e9tricas cerebrais anormais, que s\u00e3o a origem das crises epil\u00e9pticas.<\/p>\n<p>Acredita-se que pelo menos 25% dos pacientes com epilepsia no Brasil s\u00e3o portadores em est\u00e1gios mais graves, ou seja, com necessidade do uso de medicamentos por toda a vida, sendo as crises frequentemente incontrol\u00e1veis, e ent\u00e3o candidatos a interven\u00e7\u00e3o cir\u00fargica.<\/p>\n<p>No Brasil j\u00e1 existem centros de tratamento cir\u00fargico aprovados pelo Minist\u00e9rio da Sa\u00fade.<\/p>\n<p>Como proceder durante as crises:<\/p>\n<p>&#8211; coloque a pessoa deitada de costas, em lugar confort\u00e1vel, retirando de perto objetos com que ela possa se machucar, como pulseiras, rel\u00f3gios, \u00f3culos;<br \/>\n&#8211; introduza um peda\u00e7o de pano ou um len\u00e7o entre os dentes para evitar mordidas na l\u00edngua;<br \/>\n&#8211; levante o queixo para facilitar a passagem de ar;<br \/>\n&#8211; afrouxe as roupas;<br \/>\n&#8211; caso a pessoa esteja babando, mantenha-a deitada com a cabe\u00e7a voltada para o lado, evitando que ela se sufoque com a pr\u00f3pria saliva;<br \/>\n&#8211; quando a crise passar, deixe a pessoa descansar;<br \/>\n&#8211; verifique se existe pulseira, medalha ou outra identifica\u00e7\u00e3o m\u00e9dica de emerg\u00eancia que possa sugerir a causa da crise;<br \/>\n&#8211; nunca segure a pessoa (deixe-a debater-se);<br \/>\n&#8211; n\u00e3o d\u00ea tapas;<br \/>\n&#8211; n\u00e3o jogue \u00e1gua sobre ela.<\/p>\n<\/div>\n<p>Lutemos por uma Sa\u00fade P\u00fablica com qualidade !<\/p>\n<p><a href=\"https:\/\/miltonmarchioli.com.br\/blog\/wp-content\/uploads\/cerebro-multiplos-raios-1.jpg\"><img loading=\"lazy\" decoding=\"async\" class=\"aligncenter size-full wp-image-5946\" title=\"cerebro- multiplos raios-\" src=\"https:\/\/miltonmarchioli.com.br\/blog\/wp-content\/uploads\/cerebro-multiplos-raios-1.jpg\" alt=\"\" width=\"597\" height=\"336\" srcset=\"https:\/\/miltonmarchioli.com.br\/blog\/wp-content\/uploads\/cerebro-multiplos-raios-1.jpg 597w, https:\/\/miltonmarchioli.com.br\/blog\/wp-content\/uploads\/cerebro-multiplos-raios-1-300x168.jpg 300w\" sizes=\"auto, (max-width: 597px) 100vw, 597px\" \/><\/a><\/p>\n","protected":false},"excerpt":{"rendered":"<p>Semin\u00e1rio apresentado pela aluna do\u00a0 4\u00ba do curso de medicina\u00a0da Famema\u00a0&#8211; Eliana Mendes &#8211;\u00a0no Ambulat\u00f3rio Mario Covas- Ambulat\u00f3rio de Cefaleia- disciplinas\u00a0 Neurologia e Educa\u00e7\u00e3o em Ci\u00eancias da Sa\u00fade sobre\u00a0Epilepsia\u00a0\u00a0abordando as crises epil\u00e9pticas,\u00a0classifica\u00e7\u00e3o das crises, e sinais e sintomas\u00a0dos tipos de \u00a0crises que podem\u00a0se apresentar no curso da\u00a0Epilepsia. O conhecimento das crises convulsivas \u00e9 fundamental para &hellip; <a href=\"https:\/\/miltonmarchioli.com.br\/blog\/epilepsia-seminario-curso-de-medicina-da-famema\/\" class=\"more-link\">Continue lendo <span class=\"screen-reader-text\">Epilepsia. Semin\u00e1rio. Curso de medicina da Famema<\/span> <span class=\"meta-nav\">&rarr;<\/span><\/a><\/p>\n","protected":false},"author":2,"featured_media":0,"comment_status":"open","ping_status":"open","sticky":false,"template":"","format":"standard","meta":{"rop_custom_images_group":[],"rop_custom_messages_group":[],"rop_publish_now":"initial","rop_publish_now_accounts":[],"rop_publish_now_history":[],"rop_publish_now_status":"pending","footnotes":""},"categories":[332,4,13,9],"tags":[657],"class_list":["post-947","post","type-post","status-publish","format-standard","hentry","category-educacao","category-neurologia","category-opiniao","category-saude-publica","tag-ambulatorio-de-cefaleia-ambulatorio-mario-covas-famema"],"_links":{"self":[{"href":"https:\/\/miltonmarchioli.com.br\/blog\/wp-json\/wp\/v2\/posts\/947","targetHints":{"allow":["GET"]}}],"collection":[{"href":"https:\/\/miltonmarchioli.com.br\/blog\/wp-json\/wp\/v2\/posts"}],"about":[{"href":"https:\/\/miltonmarchioli.com.br\/blog\/wp-json\/wp\/v2\/types\/post"}],"author":[{"embeddable":true,"href":"https:\/\/miltonmarchioli.com.br\/blog\/wp-json\/wp\/v2\/users\/2"}],"replies":[{"embeddable":true,"href":"https:\/\/miltonmarchioli.com.br\/blog\/wp-json\/wp\/v2\/comments?post=947"}],"version-history":[{"count":18,"href":"https:\/\/miltonmarchioli.com.br\/blog\/wp-json\/wp\/v2\/posts\/947\/revisions"}],"predecessor-version":[{"id":13458,"href":"https:\/\/miltonmarchioli.com.br\/blog\/wp-json\/wp\/v2\/posts\/947\/revisions\/13458"}],"wp:attachment":[{"href":"https:\/\/miltonmarchioli.com.br\/blog\/wp-json\/wp\/v2\/media?parent=947"}],"wp:term":[{"taxonomy":"category","embeddable":true,"href":"https:\/\/miltonmarchioli.com.br\/blog\/wp-json\/wp\/v2\/categories?post=947"},{"taxonomy":"post_tag","embeddable":true,"href":"https:\/\/miltonmarchioli.com.br\/blog\/wp-json\/wp\/v2\/tags?post=947"}],"curies":[{"name":"wp","href":"https:\/\/api.w.org\/{rel}","templated":true}]}}