{"id":957,"date":"2011-10-19T20:49:18","date_gmt":"2011-10-19T20:49:18","guid":{"rendered":"http:\/\/miltonmarchioli.com.br\/blog\/?p=957"},"modified":"2022-01-04T11:13:53","modified_gmt":"2022-01-04T14:13:53","slug":"a-qualidade-do-ensino-na-famema-e-questionada-pelos-alunos-do-curso-de-medicina-e-enfermagem","status":"publish","type":"post","link":"https:\/\/miltonmarchioli.com.br\/blog\/a-qualidade-do-ensino-na-famema-e-questionada-pelos-alunos-do-curso-de-medicina-e-enfermagem\/","title":{"rendered":"A qualidade do ensino na Famema \u00e9 questionada pelos alunos do curso de medicina e enfermagem!"},"content":{"rendered":"<p><a href=\"https:\/\/miltonmarchioli.com.br\/blog\/wp-content\/uploads\/famema-mumias.jpg\"><img loading=\"lazy\" decoding=\"async\" class=\"alignleft wp-image-2544\" title=\"famema - mumias\" src=\"https:\/\/miltonmarchioli.com.br\/blog\/wp-content\/uploads\/famema-mumias-300x225.jpg\" alt=\"\" width=\"234\" height=\"176\" srcset=\"https:\/\/miltonmarchioli.com.br\/blog\/wp-content\/uploads\/famema-mumias-300x225.jpg 300w, https:\/\/miltonmarchioli.com.br\/blog\/wp-content\/uploads\/famema-mumias.jpg 960w\" sizes=\"auto, (max-width: 234px) 100vw, 234px\" \/><\/a>Alunos\u00a0 da faculdade\u00a0 de medicina de Mar\u00edlia &#8211; Famema &#8211;\u00a0reivindicam por melhorias na estrutura da institui\u00e7\u00e3o, a qual \u00e9 hoje\u00a0desenvolvida no Carmelo, como salas de\u00a0 aulas, contrata\u00e7\u00e3o de professores para supervisionar alunos na rede b\u00e1sica, aulas magnas na disciplinas b\u00e1sicas,\u00a0 e a constru\u00e7\u00e3o de um restaurante universit\u00e1rio para os alunos do curso de medicina e enfermagem.<\/p>\n<p>O modelo Aprendizagem Baseada em Problemas (ABP), ou PBL (Problem Based Learning)\u00a0 implantado nos anos 90 na Famema,\u00a0 entrou em profundo questionamento pelos alunos da institui\u00e7\u00e3o, que n\u00e3o t\u00eam mais aulas magnas nas disciplinas b\u00e1sicas: anatomia, fisiologia, farmacologia, parasitologia, microbiologia, bioqu\u00edmica, imunologia e patologia. <img loading=\"lazy\" decoding=\"async\" class=\"alignright size-medium wp-image-11893\" src=\"https:\/\/miltonmarchioli.com.br\/blog\/wp-content\/uploads\/FAMEMA-MOVIMENTO-DESCASO-COM-A-EDUCA\u00c7\u00c3O-300x225.jpg\" alt=\"FAMEMA - MOVIMENTO DESCASO COM A EDUCA\u00c7\u00c3O\" width=\"300\" height=\"225\" srcset=\"https:\/\/miltonmarchioli.com.br\/blog\/wp-content\/uploads\/FAMEMA-MOVIMENTO-DESCASO-COM-A-EDUCA\u00c7\u00c3O-300x225.jpg 300w, https:\/\/miltonmarchioli.com.br\/blog\/wp-content\/uploads\/FAMEMA-MOVIMENTO-DESCASO-COM-A-EDUCA\u00c7\u00c3O-768x576.jpg 768w, https:\/\/miltonmarchioli.com.br\/blog\/wp-content\/uploads\/FAMEMA-MOVIMENTO-DESCASO-COM-A-EDUCA\u00c7\u00c3O-1024x768.jpg 1024w\" sizes=\"auto, (max-width: 300px) 100vw, 300px\" \/><\/p>\n<p>Os alunos alegam que\u00a0 chegam aos ambulat\u00f3rios de especialidades completamente inseguros, temerosos no atendimento pela falta de conte\u00fados te\u00f3ricos na gradua\u00e7\u00e3o.<\/p>\n<p>\u00c9 o PBL da Famema associado\u00a0\u00e0 metodologia problematizadora .<\/p>\n<p>Alunos insatisfeitos na manifesta\u00e7\u00e3o nas depend\u00eancias do Carmelo.<\/p>\n<p><img loading=\"lazy\" decoding=\"async\" class=\"alignleft size-medium wp-image-11894\" src=\"https:\/\/miltonmarchioli.com.br\/blog\/wp-content\/uploads\/famema-ra\u00edzes-225x300.jpg\" alt=\"famema- ra\u00edzes\" width=\"225\" height=\"300\" srcset=\"https:\/\/miltonmarchioli.com.br\/blog\/wp-content\/uploads\/famema-ra\u00edzes-225x300.jpg 225w, https:\/\/miltonmarchioli.com.br\/blog\/wp-content\/uploads\/famema-ra\u00edzes.jpg 450w\" sizes=\"auto, (max-width: 225px) 100vw, 225px\" \/>O PBL da Famema segundo relatam os alunos presentes nas depend\u00eancias do Carmelo provoca uma s\u00edndrome\u00a0dos 3 D: desinformam, dissimulam e\u00a0desconversam.<\/p>\n<p>Ao final do\u00a0 ano letivo do 4\u00ba ano do curso de medicina,\u00a0em atividades no ambulat\u00f3rio, alunos relatam que se cansaram de\u00a0 promessas do &#8220;aprender a aprender&#8221; e &#8220;sucessivas aproxima\u00e7\u00f5es&#8221;.<\/p>\n<p>Segundo os alunos afirmaram,\u00a0\u00a0\u00e9 que os tais defensores do PBL,\u00a0 &#8220;posam de sabich\u00f5es de pedagogia, contudo\u00a0 n\u00e3o s\u00e3o pedagogos, ou n\u00e3o fizeram o curso de pedagogia , e n\u00e3o querem\u00a0se comprometer\u00a0em ensinar o aluno&#8221;.<a href=\"https:\/\/miltonmarchioli.com.br\/blog\/wp-content\/uploads\/pbl-logo-da-famema.jpg\"><img loading=\"lazy\" decoding=\"async\" class=\"alignright wp-image-10323\" src=\"https:\/\/miltonmarchioli.com.br\/blog\/wp-content\/uploads\/pbl-logo-da-famema-300x225.jpg\" alt=\"pbl- logo da famema\" width=\"291\" height=\"218\" srcset=\"https:\/\/miltonmarchioli.com.br\/blog\/wp-content\/uploads\/pbl-logo-da-famema-300x225.jpg 300w, https:\/\/miltonmarchioli.com.br\/blog\/wp-content\/uploads\/pbl-logo-da-famema.jpg 720w\" sizes=\"auto, (max-width: 291px) 100vw, 291px\" \/><\/a><\/p>\n<p>L\u00edderes do movimentos estudantil afirmam que h\u00e1 sucateamento do ensino com ares de pedagogia de vanguarda.<\/p>\n<p>Afirmaram os alunos que &#8220;dinheiro p\u00fablico n\u00e3o pode ser malversado sob a \u00e9gide que nosso ensino na Famema \u00e9\u00a0 excelente, pois a realidade \u00e9 outra&#8221;.<\/p>\n<p><img loading=\"lazy\" decoding=\"async\" class=\"alignleft size-medium wp-image-11895\" src=\"https:\/\/miltonmarchioli.com.br\/blog\/wp-content\/uploads\/famema-pbl-em-gar\u00e7a-300x225.jpg\" alt=\"famema- pbl em gar\u00e7a\" width=\"300\" height=\"225\" srcset=\"https:\/\/miltonmarchioli.com.br\/blog\/wp-content\/uploads\/famema-pbl-em-gar\u00e7a-300x225.jpg 300w, https:\/\/miltonmarchioli.com.br\/blog\/wp-content\/uploads\/famema-pbl-em-gar\u00e7a.jpg 720w\" sizes=\"auto, (max-width: 300px) 100vw, 300px\" \/>A sociedade paga pesados impostos, \u00a0e\u00a0 espera um ensino de excel\u00eancia em faculdade p\u00fablica, e n\u00e3o filosofia de ensino\u00a0travestida de pedagogia de vanguarda.<\/p>\n<p><a href=\"https:\/\/miltonmarchioli.com.br\/blog\/wp-content\/uploads\/Carta-da-Assembleia-Geral-dos-Estudantes-de-Medicina-e-Enfermagem.pdf\">O alunos reivindicam\u00a0 melhorias na institui\u00e7\u00e3o depois que a Diretoria da Gradua\u00e7\u00e3o da Famema\u00a0publicou\u00a0e enviou ao DACA (Diret\u00f3rio Acad\u00eamico Christiano Altenfelder)\u00a0 sua\u00a0resposta\u00a0final em rela\u00e7\u00e3o ao movimento\u00a0reivindicat\u00f3rio de melhorias na gradua\u00e7\u00e3o.\u00a0<\/a><\/p>\n<p>O ensino \u00e9 questionado na institui\u00e7\u00e3o, e os alunos\u00a0buscam em cursos auxiliares suprir a defici\u00eancia de conte\u00fados tem\u00e1ticos ausentes na Famema: Med Curso e SJT.<a href=\"https:\/\/miltonmarchioli.com.br\/blog\/wp-content\/uploads\/med-curso-5-estrelas1.jpg\"><img loading=\"lazy\" decoding=\"async\" class=\"alignright wp-image-10325\" src=\"https:\/\/miltonmarchioli.com.br\/blog\/wp-content\/uploads\/med-curso-5-estrelas1-300x225.jpg\" alt=\"med curso - 5 estrelas\" width=\"251\" height=\"188\" srcset=\"https:\/\/miltonmarchioli.com.br\/blog\/wp-content\/uploads\/med-curso-5-estrelas1-300x225.jpg 300w, https:\/\/miltonmarchioli.com.br\/blog\/wp-content\/uploads\/med-curso-5-estrelas1.jpg 720w\" sizes=\"auto, (max-width: 251px) 100vw, 251px\" \/><\/a><\/p>\n<p>O blog entende ser leg\u00edtima a manifesta\u00e7\u00e3o dos alunos por melhorias no ensino e pelo amadurecimento demonstrado nas reivindica\u00e7\u00f5es, e por\u00a0serem\u00a0 futuros profissionais de sa\u00fade,\u00a0\u00a0merecem respeito primeiramente \u00a0como cidad\u00e3os brasileiros que almejam um ensino de qualidade.<\/p>\n<p><img loading=\"lazy\" decoding=\"async\" class=\"aligncenter size-full wp-image-11896\" src=\"https:\/\/miltonmarchioli.com.br\/blog\/wp-content\/uploads\/famema-acervo-hist\u00f3rico.jpg\" alt=\"famema- acervo hist\u00f3rico\" width=\"720\" height=\"540\" srcset=\"https:\/\/miltonmarchioli.com.br\/blog\/wp-content\/uploads\/famema-acervo-hist\u00f3rico.jpg 720w, https:\/\/miltonmarchioli.com.br\/blog\/wp-content\/uploads\/famema-acervo-hist\u00f3rico-300x225.jpg 300w\" sizes=\"auto, (max-width: 720px) 100vw, 720px\" \/><\/p>\n<p style=\"text-align: center;\">&#8220;N\u00e3o devemos transformar a mediocridade em valor de vida&#8221;.<\/p>\n<p style=\"text-align: center;\">Lauro de Oliveira Lima<\/p>\n","protected":false},"excerpt":{"rendered":"<p>Alunos\u00a0 da faculdade\u00a0 de medicina de Mar\u00edlia &#8211; Famema &#8211;\u00a0reivindicam por melhorias na estrutura da institui\u00e7\u00e3o, a qual \u00e9 hoje\u00a0desenvolvida no Carmelo, como salas de\u00a0 aulas, contrata\u00e7\u00e3o de professores para supervisionar alunos na rede b\u00e1sica, aulas magnas na disciplinas b\u00e1sicas,\u00a0 e a constru\u00e7\u00e3o de um restaurante universit\u00e1rio para os alunos do curso de medicina e &hellip; <a href=\"https:\/\/miltonmarchioli.com.br\/blog\/a-qualidade-do-ensino-na-famema-e-questionada-pelos-alunos-do-curso-de-medicina-e-enfermagem\/\" class=\"more-link\">Continue lendo <span class=\"screen-reader-text\">A qualidade do ensino na Famema \u00e9 questionada pelos alunos do curso de medicina e enfermagem!<\/span> <span class=\"meta-nav\">&rarr;<\/span><\/a><\/p>\n","protected":false},"author":2,"featured_media":0,"comment_status":"open","ping_status":"open","sticky":false,"template":"","format":"standard","meta":{"rop_custom_images_group":[],"rop_custom_messages_group":[],"rop_publish_now":"initial","rop_publish_now_accounts":[],"rop_publish_now_history":[],"rop_publish_now_status":"pending","footnotes":""},"categories":[8,332,13,9],"tags":[1132,101,1190],"class_list":["post-957","post","type-post","status-publish","format-standard","hentry","category-direito-e-saude","category-educacao","category-opiniao","category-saude-publica","tag-alunos-da-famema","tag-pbl-famema","tag-reivindicacoes-nas-dependencias-do-carmelo"],"_links":{"self":[{"href":"https:\/\/miltonmarchioli.com.br\/blog\/wp-json\/wp\/v2\/posts\/957","targetHints":{"allow":["GET"]}}],"collection":[{"href":"https:\/\/miltonmarchioli.com.br\/blog\/wp-json\/wp\/v2\/posts"}],"about":[{"href":"https:\/\/miltonmarchioli.com.br\/blog\/wp-json\/wp\/v2\/types\/post"}],"author":[{"embeddable":true,"href":"https:\/\/miltonmarchioli.com.br\/blog\/wp-json\/wp\/v2\/users\/2"}],"replies":[{"embeddable":true,"href":"https:\/\/miltonmarchioli.com.br\/blog\/wp-json\/wp\/v2\/comments?post=957"}],"version-history":[{"count":45,"href":"https:\/\/miltonmarchioli.com.br\/blog\/wp-json\/wp\/v2\/posts\/957\/revisions"}],"predecessor-version":[{"id":13436,"href":"https:\/\/miltonmarchioli.com.br\/blog\/wp-json\/wp\/v2\/posts\/957\/revisions\/13436"}],"wp:attachment":[{"href":"https:\/\/miltonmarchioli.com.br\/blog\/wp-json\/wp\/v2\/media?parent=957"}],"wp:term":[{"taxonomy":"category","embeddable":true,"href":"https:\/\/miltonmarchioli.com.br\/blog\/wp-json\/wp\/v2\/categories?post=957"},{"taxonomy":"post_tag","embeddable":true,"href":"https:\/\/miltonmarchioli.com.br\/blog\/wp-json\/wp\/v2\/tags?post=957"}],"curies":[{"name":"wp","href":"https:\/\/api.w.org\/{rel}","templated":true}]}}