{"id":972,"date":"2011-10-21T17:06:40","date_gmt":"2011-10-21T17:06:40","guid":{"rendered":"http:\/\/miltonmarchioli.com.br\/blog\/?p=972"},"modified":"2022-01-04T11:15:21","modified_gmt":"2022-01-04T14:15:21","slug":"leonardo-medeiros-titulo-de-especialista-de-neurologia-pela-academia-brasileira-de-neurologia","status":"publish","type":"post","link":"https:\/\/miltonmarchioli.com.br\/blog\/leonardo-medeiros-titulo-de-especialista-de-neurologia-pela-academia-brasileira-de-neurologia\/","title":{"rendered":"Leonardo Medeiros &#8211; T\u00edtulo de Especialista de Neurologia pela Academia Brasileira de Neurologia"},"content":{"rendered":"<p><a href=\"https:\/\/miltonmarchioli.com.br\/blog\/wp-content\/uploads\/RESIDENTES-NEURO-2.jpg\"><img loading=\"lazy\" decoding=\"async\" class=\"alignleft wp-image-973\" title=\"RESIDENTES NEURO - 2\" src=\"https:\/\/miltonmarchioli.com.br\/blog\/wp-content\/uploads\/RESIDENTES-NEURO-2-300x225.jpg\" alt=\"\" width=\"253\" height=\"190\" srcset=\"https:\/\/miltonmarchioli.com.br\/blog\/wp-content\/uploads\/RESIDENTES-NEURO-2-300x225.jpg 300w, https:\/\/miltonmarchioli.com.br\/blog\/wp-content\/uploads\/RESIDENTES-NEURO-2-1024x768.jpg 1024w\" sizes=\"auto, (max-width: 253px) 100vw, 253px\" \/><\/a>O m\u00e9dico Leonardo Medeiros, ex-residente de Neurologia da Faculdade de Medicina de Mar\u00edlia, \u00a0obteve o t\u00edtulo de especialista conferido pela Associa\u00e7\u00e3o M\u00e9dica Brasileira- Academia\u00a0Brasileira de Neurologia no ano de 2011.<\/p>\n<p>M\u00e9dico estudioso, respons\u00e1vel, e \u00e9tico no trato com eus pares merece de toda a disciplina de Educa\u00e7\u00e3o em Ci\u00eancias da Sa\u00fade- Famema &#8211;\u00a0sinceros votos\u00a0 de congratula\u00e7\u00f5es pela conquista desse t\u00edtulo.<\/p>\n<p>Tive a oportunidade de ser convidado pelo doutor Leonardo Medeiros para se criar o Ambulat\u00f3rio de Cefaleia,\u00a0juntamente\u00a0com a \u00a0doutora Maria Eugenia\u00a0Siemannn,\u00a0 no Ambulat\u00f3rio Mario Covas, por ser integrante da disciplina Educa\u00e7\u00e3o em Ci\u00eancias da Sa\u00fade.<\/p>\n<p>Hoje o ambulat\u00f3rio de Cefaleia, instalado\u00a0 nas depend\u00eancia do Ambulat\u00f3rio\u00a0Mario Covas, atende encaminhamentos do Departamento Regional de Sa\u00fade IX do Estado de S\u00e3o Paulo, composto por 62 munic\u00edpios.<\/p>\n<p>Sucesso ao doutor Medeiros !<\/p>\n<p>Parab\u00e9ns pela obten\u00e7\u00e3o do T\u00edtulo de Especialista em Neurologia !<\/p>\n<p><a href=\"https:\/\/miltonmarchioli.com.br\/blog\/wp-content\/uploads\/RESIDENTES-NEURO-42.jpg\"><img loading=\"lazy\" decoding=\"async\" class=\"aligncenter wp-image-5942\" title=\"RESIDENTES NEURO - 4\" src=\"https:\/\/miltonmarchioli.com.br\/blog\/wp-content\/uploads\/RESIDENTES-NEURO-42-1024x768.jpg\" alt=\"\" width=\"441\" height=\"331\" srcset=\"https:\/\/miltonmarchioli.com.br\/blog\/wp-content\/uploads\/RESIDENTES-NEURO-42-1024x768.jpg 1024w, https:\/\/miltonmarchioli.com.br\/blog\/wp-content\/uploads\/RESIDENTES-NEURO-42-300x225.jpg 300w\" sizes=\"auto, (max-width: 441px) 100vw, 441px\" \/><\/a><\/p>\n","protected":false},"excerpt":{"rendered":"<p>O m\u00e9dico Leonardo Medeiros, ex-residente de Neurologia da Faculdade de Medicina de Mar\u00edlia, \u00a0obteve o t\u00edtulo de especialista conferido pela Associa\u00e7\u00e3o M\u00e9dica Brasileira- Academia\u00a0Brasileira de Neurologia no ano de 2011. M\u00e9dico estudioso, respons\u00e1vel, e \u00e9tico no trato com eus pares merece de toda a disciplina de Educa\u00e7\u00e3o em Ci\u00eancias da Sa\u00fade- Famema &#8211;\u00a0sinceros votos\u00a0 de &hellip; <a href=\"https:\/\/miltonmarchioli.com.br\/blog\/leonardo-medeiros-titulo-de-especialista-de-neurologia-pela-academia-brasileira-de-neurologia\/\" class=\"more-link\">Continue lendo <span class=\"screen-reader-text\">Leonardo Medeiros &#8211; T\u00edtulo de Especialista de Neurologia pela Academia Brasileira de Neurologia<\/span> <span class=\"meta-nav\">&rarr;<\/span><\/a><\/p>\n","protected":false},"author":2,"featured_media":0,"comment_status":"open","ping_status":"open","sticky":false,"template":"","format":"standard","meta":{"rop_custom_images_group":[],"rop_custom_messages_group":[],"rop_publish_now":"initial","rop_publish_now_accounts":[],"rop_publish_now_history":[],"rop_publish_now_status":"pending","footnotes":""},"categories":[332,4,13,9],"tags":[688,92],"class_list":["post-972","post","type-post","status-publish","format-standard","hentry","category-educacao","category-neurologia","category-opiniao","category-saude-publica","tag-leonardo-medeiros","tag-titulo-de-especialista-neurologia"],"_links":{"self":[{"href":"https:\/\/miltonmarchioli.com.br\/blog\/wp-json\/wp\/v2\/posts\/972","targetHints":{"allow":["GET"]}}],"collection":[{"href":"https:\/\/miltonmarchioli.com.br\/blog\/wp-json\/wp\/v2\/posts"}],"about":[{"href":"https:\/\/miltonmarchioli.com.br\/blog\/wp-json\/wp\/v2\/types\/post"}],"author":[{"embeddable":true,"href":"https:\/\/miltonmarchioli.com.br\/blog\/wp-json\/wp\/v2\/users\/2"}],"replies":[{"embeddable":true,"href":"https:\/\/miltonmarchioli.com.br\/blog\/wp-json\/wp\/v2\/comments?post=972"}],"version-history":[{"count":20,"href":"https:\/\/miltonmarchioli.com.br\/blog\/wp-json\/wp\/v2\/posts\/972\/revisions"}],"predecessor-version":[{"id":10332,"href":"https:\/\/miltonmarchioli.com.br\/blog\/wp-json\/wp\/v2\/posts\/972\/revisions\/10332"}],"wp:attachment":[{"href":"https:\/\/miltonmarchioli.com.br\/blog\/wp-json\/wp\/v2\/media?parent=972"}],"wp:term":[{"taxonomy":"category","embeddable":true,"href":"https:\/\/miltonmarchioli.com.br\/blog\/wp-json\/wp\/v2\/categories?post=972"},{"taxonomy":"post_tag","embeddable":true,"href":"https:\/\/miltonmarchioli.com.br\/blog\/wp-json\/wp\/v2\/tags?post=972"}],"curies":[{"name":"wp","href":"https:\/\/api.w.org\/{rel}","templated":true}]}}