{"id":9736,"date":"2015-07-20T19:20:42","date_gmt":"2015-07-20T22:20:42","guid":{"rendered":"http:\/\/miltonmarchioli.com.br\/blog\/?p=9736"},"modified":"2022-02-09T10:13:21","modified_gmt":"2022-02-09T13:13:21","slug":"vivendo-para-a-eternidade-ser-um-cidadao-dos-ceus","status":"publish","type":"post","link":"https:\/\/miltonmarchioli.com.br\/blog\/vivendo-para-a-eternidade-ser-um-cidadao-dos-ceus\/","title":{"rendered":"Vivendo para a eternidade. Ser um Cidad\u00e3o dos C\u00e9us"},"content":{"rendered":"<p><a href=\"https:\/\/miltonmarchioli.com.br\/blog\/wp-content\/uploads\/MILTON-MARCHIOLI-19-07-2015-B.jpg\"><img loading=\"lazy\" decoding=\"async\" class=\"alignleft wp-image-9739\" src=\"https:\/\/miltonmarchioli.com.br\/blog\/wp-content\/uploads\/MILTON-MARCHIOLI-19-07-2015-B-225x300.jpg\" alt=\"MILTON MARCHIOLI - 19-07-2015 B\" width=\"205\" height=\"273\" srcset=\"https:\/\/miltonmarchioli.com.br\/blog\/wp-content\/uploads\/MILTON-MARCHIOLI-19-07-2015-B-225x300.jpg 225w, https:\/\/miltonmarchioli.com.br\/blog\/wp-content\/uploads\/MILTON-MARCHIOLI-19-07-2015-B-768x1024.jpg 768w\" sizes=\"auto, (max-width: 205px) 100vw, 205px\" \/><\/a>Estivemos no dia\u00a0 19 de julho de\u00a0 2015 na Igreja Fonte de \u00c1guas Vivas, coordenada pela Pastora Lourdes Domingos, para levar a mensagem : <strong>Vivendo para a eternidade.<\/strong><\/p>\n<p>O texto come\u00e7a com a Carta aos Hebreus:<\/p>\n<p>8-Pela f\u00e9 Abra\u00e3o, sendo chamado, obedeceu, indo para um lugar que havia de receber por heran\u00e7a; e saiu, sem saber para onde ia.<\/p>\n<p>9-Pela f\u00e9 habitou na terra da promessa, como em terra alheia, morando em cabanas com Isaque e Jac\u00f3, herdeiros com ele da mesma promessa.<\/p>\n<p>10- Porque esperava a cidade que tem fundamentos, da qual o art\u00edfice e construtor \u00e9 Deus. <span style=\"color: #339966;\">Hebreus 11:8-10<\/span><\/p>\n<p>13-Todos estes morreram na f\u00e9, sem terem recebido as promessas; mas vendo-as de longe, e crendo-as e abra\u00e7ando-as, confessaram que eram estrangeiros e peregrinos na terra.<\/p>\n<p>14-Porque, os que isto dizem, claramente mostram que buscam uma p\u00e1tria.<\/p>\n<p>15-E se, na verdade, se lembrassem daquela de onde haviam sa\u00eddo, teriam oportunidade de tonar.<\/p>\n<p>16-Mas agora desejam uma melhor, isto \u00e9, a celestial. Por isso tamb\u00e9m Deus n\u00e3o se envergonha deles, de se chamar seu Deus, porque j\u00e1 lhes preparou uma cidade. <span style=\"color: #339966;\">Hebreus 11:13-16<\/span><\/p>\n<p>Viver para a eternidade \u00e9 viver aqui na Terra, mas com pensamento na eternidade.<\/p>\n<p>Em Prov\u00e9rbios h\u00e1 uma men\u00e7\u00e3o para vivermos na eternidade:<\/p>\n<p>10- O temor do Senhor \u00e9 o princ\u00edpio da sabedoria, e o conhecimento do Santo a prud\u00eancia.\u00a0\u00a0<span style=\"color: #339966;\"> Prov\u00e9rbios 9:10<\/span><\/p>\n<p>Fomos criados por Deus, salvos por Jesus, e estamos sendo discipulados para viver para a eternidade com Cristo Jesus nosso\u00a0Senhor.<\/p>\n<p>Em Eclesiastes:<\/p>\n<p><span data-reactid=\".0.0:1.0.0.1.$10.2\">11- Tudo fez formoso em seu tempo; tamb\u00e9m p\u00f4s o mundo no cora\u00e7\u00e3o do homem, sem que este possa descobrir a obra que Deus fez desde o princ\u00edpio at\u00e9 ao fim.\u00a0\u00a0\u00a0\u00a0<\/span><span style=\"color: #339966;\"><span data-reactid=\".0.0:1.0.0.1.$10.2\"> Eclesiastes 3:11<\/span><\/span><\/p>\n<div>\n<h4 data-v=\"acf:21:3:11\" data-reactid=\".0.0:1.0.0.1.$10\">1 &#8211; Viver para a eternidade \u00e9 ser completamente comprometido com o senhorio de Jesus Cristo (Filipenses 2:9-11).<\/h4>\n<p>Na Carta aos Filipenses h\u00e1 men\u00e7\u00e3o sobre viver a eternidade:<\/p>\n<p>9-Por isso, tamb\u00e9m Deus o exaltou soberanamente, e lhe deu um nome que \u00e9 sobre todo o nome;<\/p>\n<p>10-Para que ao nome de Jesus se dobre todo o joelho dos que est\u00e3o nos c\u00e9us, e na terra, e debaixo da terra,<\/p>\n<p>11- E toda a l\u00edngua confesse que Jesus Cristo \u00e9 o Senhor, para gl\u00f3ria de Deus Pai. <span style=\"color: #339966;\">Filipenses 2:9-11\u00a0<\/span><\/p>\n<p>No Evangelho de Jesus Cristo narrado por Lucas:<\/p>\n<p>26- Porque, qualquer que de mim e das minhas palavras se envergonhar, dele se envergonhar\u00e1 o Filho do homem, quando vier na sua gl\u00f3ria, e na do Pai e dos santos anjos.<span style=\"color: #339966;\"> Lucas 9:26<\/span><\/p>\n<p>No Evangelho de Jesus Cristo narrado por Marcos:<\/p>\n<p>38- Porquanto, qualquer que, entre esta gera\u00e7\u00e3o ad\u00faltera e pecadora, se envergonhar de mim e das minhas palavras, tamb\u00e9m o Filho do homem se envergonhar\u00e1 dele, quando vier na gl\u00f3ria de seu Pai, com os santos anjos.<span style=\"color: #339966;\"> Marcos 8:38<\/span><\/p>\n<p>Na Carta aos Romanos:<\/p>\n<\/div>\n<div>\n<p>1 &#8211; Rogo-vos, pois, irm\u00e3os, pela compaix\u00e3o de Deus, que apresenteis os vossos corpos em sacrif\u00edcio vivo, santo e agrad\u00e1vel a Deus, que \u00e9 o vosso culto racional.<\/p>\n<p>2 &#8211; E n\u00e3o sede conformados com este mundo, mas sede transformados pela renova\u00e7\u00e3o do vosso entendimento, para que experimenteis qual seja a boa, agrad\u00e1vel, e perfeita vontade de Deus. <span style=\"color: #339966;\">Romanos 12:1-2<\/span><\/p>\n<p>Quem vive para Jesus, focado na eternidade, tem estilo de vida santo, vive longe dos v\u00edcios, \u00e9 completamente consagrado, oferece o seu pr\u00f3prio corpo como sacrif\u00edcio vivo, santo e agrad\u00e1vel a Deus.<\/p>\n<p>No Evangelho de Jesus Cristo narrado por Marcos:<\/p>\n<p>13 &#8211; Mas aquele que perseverar at\u00e9 ao fim, esse ser\u00e1 salvo.\u00a0\u00a0\u00a0\u00a0\u00a0\u00a0\u00a0\u00a0\u00a0\u00a0\u00a0\u00a0\u00a0\u00a0\u00a0\u00a0\u00a0 <span style=\"color: #339966;\">Mateus 24:13<\/span><\/p>\n<p>Em Apocalipse:<\/p>\n<p>10 &#8211; Nada temas das coisas que h\u00e1s de padecer. Eis que o diabo lan\u00e7ar\u00e1 alguns de v\u00f3s na pris\u00e3o, para que sejais tentados; e tereis uma tribula\u00e7\u00e3o de dez dias. S\u00ea fiel at\u00e9 \u00e0 morte, e dar-te-ei a coroa da vida. <span style=\"color: #339966;\">Apocalipse 2:10<\/span><\/p>\n<h4>2 &#8211; Quem vive para a eternidade n\u00e3o tem o cora\u00e7\u00e3o nas coisas temporais, materiais.<\/h4>\n<p>Na Carta aos Hebreus:<\/p>\n<p>28-Por isso, tendo recebido um reino que n\u00e3o pode ser abalado, retenhamos a gra\u00e7a, pela qual sirvamos a Deus agradavelmente, com rever\u00eancia e piedade;<\/p>\n<p>29- Porque o nosso Deus \u00e9 um fogo consumidor.\u00a0\u00a0\u00a0\u00a0\u00a0\u00a0\u00a0\u00a0\u00a0\u00a0\u00a0\u00a0\u00a0\u00a0\u00a0\u00a0\u00a0\u00a0\u00a0\u00a0\u00a0\u00a0\u00a0\u00a0\u00a0\u00a0\u00a0\u00a0\u00a0\u00a0\u00a0\u00a0\u00a0\u00a0\u00a0\u00a0\u00a0\u00a0\u00a0\u00a0\u00a0\u00a0\u00a0 <span style=\"color: #339966;\">Hebreus 12:28-29<\/span><\/p>\n<p>Nas Segunda Carta de Pedro:<\/p>\n<p>7- Mas os c\u00e9us e a terra que agora existem pela mesma palavra se reservam como tesouro, e se guardam para o fogo, at\u00e9 o dia do ju\u00edzo, e da perdi\u00e7\u00e3o dos homens \u00edmpios. <span style=\"color: #339966;\">2 Pedro 3:7<\/span><\/p>\n<p>10 &#8211; Mas o dia do Senhor vir\u00e1 como o ladr\u00e3o de noite; no qual os c\u00e9us passar\u00e3o com grande estrondo, e os elementos, ardendo, se desfar\u00e3o, e a terra, e as obras que nela h\u00e1, se queimar\u00e3o.\u00a0\u00a0\u00a0\u00a0\u00a0\u00a0\u00a0\u00a0\u00a0\u00a0\u00a0\u00a0\u00a0\u00a0\u00a0\u00a0\u00a0\u00a0\u00a0\u00a0\u00a0\u00a0\u00a0\u00a0\u00a0\u00a0\u00a0 <span style=\"color: #339966;\">2 Pedro 3:10<\/span><\/p>\n<p>Portanto, se voc\u00ea est\u00e1 vivendo somente para as coisas materiais, voc\u00ea n\u00e3o \u00e9 s\u00e1bio, voc\u00ea \u00e9 um insensato.<\/p>\n<p>No Evangelho de Jesus Cristo narrado por Mateus:<\/p>\n<p data-v=\"acf:40:16:26\" data-reactid=\".0.0:1.0.0.1.$25\"><span data-reactid=\".0.0:1.0.0.1.$25.2\">26-Pois que aproveita ao homem ganhar o mundo inteiro, se perder a sua alma? Ou que dar\u00e1 o homem em recompensa da sua alma? <span style=\"color: #339966;\">Mateus 16:26<\/span><\/span><span style=\"color: #339966;\"><br \/>\n<\/span><\/p>\n<p data-v=\"acf:40:16:26\" data-reactid=\".0.0:1.0.0.1.$25\">No Evangelho de Jesus Cristo narrado por Marcos:<\/p>\n<p>36- Pois, que aproveitaria ao homem ganhar todo o mundo e perder a sua alma? <span style=\"color: #339966;\">Marcos 8:36<\/span><\/p>\n<h4>3 &#8211; Viver para a eternidade \u00e9 esperar pelas recompensas eternas.<\/h4>\n<p>Na Carta aos Hebreus:<\/p>\n<\/div>\n<div>\n<div>\n<p>24-Pela f\u00e9 Mois\u00e9s, sendo j\u00e1 grande, recusou ser chamado filho da filha de Fara\u00f3,<\/p>\n<p>25-Escolhendo antes ser maltratado com o povo de Deus, do que por um pouco de tempo ter o gozo do pecado;<\/p>\n<p>26-Tendo por maiores riquezas o vitup\u00e9rio de Cristo do que os tesouros do Egito; porque tinha em vista a recompensa.<\/p>\n<p>27-Pela f\u00e9 deixou o Egito, n\u00e3o temendo a ira do rei; porque ficou firme, como vendo o invis\u00edvel. <span style=\"color: #339966;\">Hebreus 11:24-27<\/span><\/p>\n<\/div>\n<p>Viver para a eternidade, \u00e9 saber esperar, \u00e9 viver para o prazer adiado; isso significa, jamais trocar a gl\u00f3ria do c\u00e9u pelos prazeres transit\u00f3rios do pecado.<\/p>\n<p>Mois\u00e9s recusou o luxo do pal\u00e1cio, e preferiu ser maltratado com o povo de Deus, do que usufruir os prazeres transit\u00f3rios do pecado.<\/p>\n<p>Na Carta aos G\u00e1latas:<\/p>\n<\/div>\n<p>14- Mas longe esteja de mim gloriar-me, a n\u00e3o ser na cruz de nosso Senhor Jesus Cristo, pela qual o mundo est\u00e1 crucificado para mim e eu para o mundo.\u00a0\u00a0\u00a0\u00a0\u00a0<span style=\"color: #339966;\">Gal\u00e1tas 6:14 \u00a0\u00a0\u00a0\u00a0\u00a0\u00a0\u00a0\u00a0\u00a0\u00a0\u00a0\u00a0\u00a0\u00a0<\/span><\/p>\n<div>\n<p>Viver para a eternidade, \u00e9 est\u00e1 crucificado para o mundo, e o mundo para n\u00f3s; \u00e9 trocar os prazeres deste mundo pela gl\u00f3ria da Cruz de nosso Senhor Jesus Cristo.<\/p>\n<p>No Evangelho de Jesus Cristo narrado por Mateus:<\/p>\n<p>19- N\u00e3o ajunteis tesouros na terra, onde a tra\u00e7a e a ferrugem tudo consomem, e onde os ladr\u00f5es minam e roubam;<\/p>\n<p>20- Mas ajuntai tesouros no c\u00e9u, onde nem a tra\u00e7a nem a ferrugem consomem, e onde os ladr\u00f5es n\u00e3o minam nem roubam.<\/p>\n<p>21 &#8211; Porque onde estiver o vosso tesouro, a\u00ed estar\u00e1 tamb\u00e9m o vosso cora\u00e7\u00e3o. <span style=\"color: #339966;\">Mateus 6:19-21<\/span><\/p>\n<p>Viver para a eternidade, \u00e9 viver para os tesouros eternos, \u00e9 ajuntar tesouros no c\u00e9u .<\/p>\n<p>Na Carta aos Cor\u00edntios:<\/p>\n<p>25- E todo aquele que luta de tudo se abst\u00e9m; eles o fazem para alcan\u00e7ar uma coroa corrupt\u00edvel; n\u00f3s, por\u00e9m, uma incorrupt\u00edvel. \u00a0 \u00a0 \u00a0 \u00a0 \u00a0 \u00a0 <span style=\"color: #339966;\">1 Cor\u00edntios 9:25<\/span><\/p>\n<p>A coroa incorrupt\u00edvel ser\u00e1 o pr\u00eamio dos disc\u00edpulos fi\u00e9is, perseverantes, que correrem como um atleta disciplinado a carreira crist\u00e3 .<\/p>\n<p>Na Primeira Carta de Pedro:<\/p>\n<p>4- E, quando aparecer o Sumo Pastor, alcan\u00e7areis a incorrupt\u00edvel coroa da gl\u00f3ria. <span style=\"color: #339966;\">1 Pedro5:4<\/span><\/p>\n<p>A imarcesc\u00edvel coroa da gl\u00f3ria ser\u00e1 dada aos que cuidarem bem do rebanho do Senhor Jesus.<\/p>\n<p>Na Segunda Carta de Tim\u00f3teo:<\/p>\n<p>8- Desde agora, a coroa da justi\u00e7a me est\u00e1 guardada, a qual o Senhor, justo juiz, me dar\u00e1 naquele dia; e n\u00e3o somente a mim, mas tamb\u00e9m a todos os que amarem a sua vinda.\u00a0\u00a0\u00a0\u00a0<span style=\"color: #339966;\">2 Tim\u00f3teo 4:8\u00a0\u00a0\u00a0\u00a0\u00a0\u00a0\u00a0\u00a0\u00a0<\/span><\/p>\n<p>A coroa da justi\u00e7a est\u00e1 reservada para aqueles que amam a segunda vinda do Senhor Jesus .<\/p>\n<p>Em Apocalipse:<\/p>\n<p>10- Como guardaste a palavra da minha paci\u00eancia, tamb\u00e9m eu te guardarei da hora da tenta\u00e7\u00e3o que h\u00e1 de vir sobre todo o mundo, para tentar os que habitam na terra. <span style=\"color: #339966;\">Apocalipse 3:10<\/span><\/p>\n<p>A coroa da vida est\u00e1 reservada para os disc\u00edpulos fi\u00e9is. Disse Jesus: S\u00ea fiel at\u00e9 a morte, e dar-te-ei a coroa da vida&#8221; . <span style=\"color: #339966;\">Apocalipse\u00a0 2:10<\/span><\/p>\n<h4>4-Quem vive para a eternidade ensina os seus filhos a viver como estrangeiros e peregrinos na terra (Hebreus 11:9,10).<\/h4>\n<p>Na Carta aos Hebreus:<\/p>\n<p>9-Pela f\u00e9 habitou na terra da promessa, como em terra alheia, morando em cabanas com Isaque e Jac\u00f3, herdeiros com ele da mesma promessa.<\/p>\n<p>10-Porque esperava a cidade que tem fundamentos, da qual o art\u00edfice e construtor \u00e9 Deus.<span style=\"color: #339966;\"> Hebreus 11:9-10<\/span><\/p>\n<p>Em Salmos:<\/p>\n<\/div>\n<div>\n<p data-v=\"acf:19:127:3\" data-reactid=\".0.0:1.0.0.1.$2\"><span data-reactid=\".0.0:1.0.0.1.$2.2\">3- Eis que os filhos s\u00e3o heran\u00e7a do Senhor, e o fruto do ventre o seu galard\u00e3o.<\/span>\u00a0\u00a0\u00a0 <span style=\"color: #339966;\">Salmos 127:3<\/span><\/p>\n<p data-v=\"acf:19:127:3\" data-reactid=\".0.0:1.0.0.1.$2\">No Primeiro Livro de Cr\u00f4nicas:<\/p>\n<p>15 &#8211; Porque somos estrangeiros diante de ti, e peregrinos como todos os nossos pais; como a sombra s\u00e3o os nossos dias sobre a terra, e sem ti n\u00e3o h\u00e1 esperan\u00e7a. <span style=\"color: #339966;\">1 Cr\u00f4nicas 29:15<\/span><\/p>\n<p>Na Carta aos Hebreus:<\/p>\n<p>13- Todos estes morreram na f\u00e9, sem terem recebido as promessas; mas vendo-as de longe, e crendo-as e abra\u00e7ando-as, confessaram que eram estrangeiros e peregrinos na terra.<span style=\"color: #339966;\"> Hebreus 11:13<\/span><\/p>\n<p>Na Primeira Carta de Pedro:<\/p>\n<p>11 &#8211; Amados, pe\u00e7o-vos, como a peregrinos e forasteiros, que vos abstenhais das concupisc\u00eancias carnais, que combatem contra a alma. <span style=\"color: #339966;\">1 Pedro 2:11\u00a0<\/span><\/p>\n<p>N\u00e3o geramos filhos para povoar o inferno, n\u00f3s geramos filhos para povoar o c\u00e9u. Nossos filhos s\u00e3o mais filhos de Deus do que nossos; n\u00f3s criamos filhos para Deus, eles precisam viver na terra como cidad\u00e3os do c\u00e9u.<\/p>\n<p>Como disc\u00edpulos de Jesus, somos estrangeiros, forasteiros e peregrinos na terra, e temos que ensinar isso aos nossos filhos.<\/p>\n<p>Na Primeira Carta aos Cor\u00edntios:<\/p>\n<p>9 &#8211; Mas, como est\u00e1 escrito: As coisas que o olho n\u00e3o viu, e o ouvido n\u00e3o ouviu, e n\u00e3o subiram ao cora\u00e7\u00e3o do homem, s\u00e3o as que Deus preparou para os que o amam. <span style=\"color: #339966;\">1 Cor\u00edntios 2:19<\/span><\/p>\n<h4>5- Viver para a eternidade \u00e9 ser movido pelos princ\u00edpios e valores eternos.<\/h4>\n<p>Em Apocalipse:<\/p>\n<p data-v=\"acf:66:21:16\" data-reactid=\".0.0:1.0.0.1.$15\"><span style=\"color: #339966;\"><span style=\"color: #000000;\">16- E a cidade estava situada em quadrado; e o seu comprimento era tanto como a sua largura. E mediu a cidade com a cana at\u00e9 doze mil est\u00e1dios; e o seu comprimento, largura e altura eram iguais.<\/span> Apocalipse 21:16<\/span><\/p>\n<p data-v=\"acf:66:21:16\" data-reactid=\".0.0:1.0.0.1.$15\">10- E levou-me em esp\u00edrito a um grande e alto monte, e mostrou-me a grande cidade, a santa Jerusal\u00e9m, que de Deus descia do c\u00e9u.<\/p>\n<p data-v=\"acf:66:21:16\" data-reactid=\".0.0:1.0.0.1.$15\">11- E tinha a gl\u00f3ria de Deus; e a sua luz era semelhante a uma pedra precios\u00edssima, como a pedra de jaspe, como o cristal resplandecente.<\/p>\n<p data-v=\"acf:66:21:16\" data-reactid=\".0.0:1.0.0.1.$15\">12- E tinha um grande e alto muro com doze portas, e nas portas doze anjos, e nomes escritos sobre elas, que s\u00e3o os nomes das doze tribos dos filhos de Israel.<\/p>\n<p data-v=\"acf:66:21:16\" data-reactid=\".0.0:1.0.0.1.$15\">13- Do lado do levante tinha tr\u00eas portas, do lado do norte, tr\u00eas portas, do lado do sul, tr\u00eas portas, do lado do poente, tr\u00eas portas.<\/p>\n<p data-v=\"acf:66:21:16\" data-reactid=\".0.0:1.0.0.1.$15\">14- E o muro da cidade tinha doze fundamentos, e neles os nomes dos doze ap\u00f3stolos do Cordeiro.<\/p>\n<p data-v=\"acf:66:21:16\" data-reactid=\".0.0:1.0.0.1.$15\">15- E aquele que falava comigo tinha uma cana de ouro, para medir a cidade, e as suas portas, e o seu muro.<\/p>\n<p data-v=\"acf:66:21:16\" data-reactid=\".0.0:1.0.0.1.$15\">16- E a cidade estava situada em quadrado; e o seu comprimento era tanto como a sua largura. E mediu a cidade com a cana at\u00e9 doze mil est\u00e1dios; e o seu comprimento, largura e altura eram iguais.<\/p>\n<p data-v=\"acf:66:21:16\" data-reactid=\".0.0:1.0.0.1.$15\">17- E mediu o seu muro, de cento e quarenta e quatro c\u00f4vados, conforme \u00e0 medida de homem, que \u00e9 a de um anjo.<\/p>\n<p data-v=\"acf:66:21:16\" data-reactid=\".0.0:1.0.0.1.$15\">18- E a constru\u00e7\u00e3o do seu muro era de jaspe, e a cidade de ouro puro, semelhante a vidro puro. <span style=\"color: #339966;\">Apocalipse 21:10-18<\/span><\/p>\n<p>Infelizmente Judas Iscariotes n\u00e3o est\u00e1 escrito no muro da cidade por ter tra\u00eddo Jesus Cristo.<\/p>\n<ul>\n<li>EST\u00c1DIO ROMANO = 185 metros<\/li>\n<\/ul>\n<p>Nova Jerusal\u00e9m 12.000 est\u00e1dios .\u00a0 2220 km \u2013 comprimento, largura, altura<\/p>\n<ul>\n<li>Muro 144 c\u00f4vados<\/li>\n<\/ul>\n<p>C\u00f4vado = 50 cm<\/p>\n<ul>\n<li>72 metros altura do muro da cidade de Jerusal\u00e9m<\/li>\n<\/ul>\n<p>E na Nova Jerusal\u00e9m os salvos ter\u00e3o o encontro pessoal com Jav\u00e9 e o Senhor Jesus.<\/p>\n<p>Em Apocalipse:<\/p>\n<p>22- E nela n\u00e3o vi templo, porque o seu templo \u00e9 o Senhor Deus Todo-Poderoso, e o Cordeiro.<\/p>\n<p>23- E a cidade n\u00e3o necessita de sol nem de lua, para que nela resplande\u00e7am, porque a gl\u00f3ria de Deus a tem iluminado, e o Cordeiro \u00e9 a sua l\u00e2mpada.<\/p>\n<p>27- \u00a0E n\u00e3o entrar\u00e1 nela coisa alguma que contamine, e cometa abomina\u00e7\u00e3o e mentira; mas s\u00f3 os que est\u00e3o inscritos no livro da vida do Cordeiro. <span style=\"color: #339966;\">Apocalipse 21:22,23,27<\/span><\/p>\n<h4>CONCLUS\u00c3O<\/h4>\n<ul>\n<li>Fa\u00e7a a sua vida valer a pena, seja regido pelos princ\u00edpios e valores eternos;<\/li>\n<li>N\u00e3o deixe para se arrepender na eternidade;<\/li>\n<li>Coloque o foco de sua vida em Jesus e na miss\u00e3o que ele nos confiou;<\/li>\n<li>Viva com os p\u00e9s na terra, o cora\u00e7\u00e3o e os olhos no c\u00e9u, na eternidade;<\/li>\n<li>Viva para a eternidade com Jesus.<\/li>\n<\/ul>\n<\/div>\n<div>\n<p><a href=\"https:\/\/miltonmarchioli.com.br\/blog\/wp-content\/uploads\/biblia.jpg\"><img loading=\"lazy\" decoding=\"async\" class=\"aligncenter wp-image-9738\" src=\"https:\/\/miltonmarchioli.com.br\/blog\/wp-content\/uploads\/biblia.jpg\" alt=\"biblia\" width=\"640\" height=\"266\" srcset=\"https:\/\/miltonmarchioli.com.br\/blog\/wp-content\/uploads\/biblia.jpg 650w, https:\/\/miltonmarchioli.com.br\/blog\/wp-content\/uploads\/biblia-300x125.jpg 300w\" sizes=\"auto, (max-width: 640px) 100vw, 640px\" \/><\/a><\/p>\n<\/div>\n","protected":false},"excerpt":{"rendered":"<p>Estivemos no dia\u00a0 19 de julho de\u00a0 2015 na Igreja Fonte de \u00c1guas Vivas, coordenada pela Pastora Lourdes Domingos, para levar a mensagem : Vivendo para a eternidade. O texto come\u00e7a com a Carta aos Hebreus: 8-Pela f\u00e9 Abra\u00e3o, sendo chamado, obedeceu, indo para um lugar que havia de receber por heran\u00e7a; e saiu, sem &hellip; <a href=\"https:\/\/miltonmarchioli.com.br\/blog\/vivendo-para-a-eternidade-ser-um-cidadao-dos-ceus\/\" class=\"more-link\">Continue lendo <span class=\"screen-reader-text\">Vivendo para a eternidade. Ser um Cidad\u00e3o dos C\u00e9us<\/span> <span class=\"meta-nav\">&rarr;<\/span><\/a><\/p>\n","protected":false},"author":2,"featured_media":0,"comment_status":"open","ping_status":"closed","sticky":false,"template":"","format":"standard","meta":{"rop_custom_images_group":[],"rop_custom_messages_group":[],"rop_publish_now":"initial","rop_publish_now_accounts":[],"rop_publish_now_history":[],"rop_publish_now_status":"pending","footnotes":""},"categories":[13,298],"tags":[1290,1065,290,1289],"class_list":["post-9736","post","type-post","status-publish","format-standard","hentry","category-opiniao","category-teologia","tag-cidadao-dos-ceus","tag-igreja-fonte-de-aguas-vivas","tag-pastora-lourdes-domingos","tag-vivendo-para-a-eternidade"],"_links":{"self":[{"href":"https:\/\/miltonmarchioli.com.br\/blog\/wp-json\/wp\/v2\/posts\/9736","targetHints":{"allow":["GET"]}}],"collection":[{"href":"https:\/\/miltonmarchioli.com.br\/blog\/wp-json\/wp\/v2\/posts"}],"about":[{"href":"https:\/\/miltonmarchioli.com.br\/blog\/wp-json\/wp\/v2\/types\/post"}],"author":[{"embeddable":true,"href":"https:\/\/miltonmarchioli.com.br\/blog\/wp-json\/wp\/v2\/users\/2"}],"replies":[{"embeddable":true,"href":"https:\/\/miltonmarchioli.com.br\/blog\/wp-json\/wp\/v2\/comments?post=9736"}],"version-history":[{"count":36,"href":"https:\/\/miltonmarchioli.com.br\/blog\/wp-json\/wp\/v2\/posts\/9736\/revisions"}],"predecessor-version":[{"id":13861,"href":"https:\/\/miltonmarchioli.com.br\/blog\/wp-json\/wp\/v2\/posts\/9736\/revisions\/13861"}],"wp:attachment":[{"href":"https:\/\/miltonmarchioli.com.br\/blog\/wp-json\/wp\/v2\/media?parent=9736"}],"wp:term":[{"taxonomy":"category","embeddable":true,"href":"https:\/\/miltonmarchioli.com.br\/blog\/wp-json\/wp\/v2\/categories?post=9736"},{"taxonomy":"post_tag","embeddable":true,"href":"https:\/\/miltonmarchioli.com.br\/blog\/wp-json\/wp\/v2\/tags?post=9736"}],"curies":[{"name":"wp","href":"https:\/\/api.w.org\/{rel}","templated":true}]}}