{"id":984,"date":"2011-10-22T00:47:36","date_gmt":"2011-10-22T00:47:36","guid":{"rendered":"http:\/\/miltonmarchioli.com.br\/blog\/?p=984"},"modified":"2016-06-11T00:13:34","modified_gmt":"2016-06-11T03:13:34","slug":"anticonvulsivantes-seminario","status":"publish","type":"post","link":"https:\/\/miltonmarchioli.com.br\/blog\/anticonvulsivantes-seminario\/","title":{"rendered":"Anticonvulsivantes"},"content":{"rendered":"<p><a href=\"https:\/\/miltonmarchioli.com.br\/blog\/wp-content\/uploads\/medicamentos-14.jpg\"><img loading=\"lazy\" decoding=\"async\" class=\"alignleft wp-image-10336\" src=\"https:\/\/miltonmarchioli.com.br\/blog\/wp-content\/uploads\/medicamentos-14-300x200.jpg\" alt=\"medicamentos 14\" width=\"268\" height=\"178\" srcset=\"https:\/\/miltonmarchioli.com.br\/blog\/wp-content\/uploads\/medicamentos-14-300x200.jpg 300w, https:\/\/miltonmarchioli.com.br\/blog\/wp-content\/uploads\/medicamentos-14.jpg 500w\" sizes=\"auto, (max-width: 268px) 100vw, 268px\" \/><\/a>Semin\u00e1rio apresentado pelo acad\u00eamico do 4\u00baano do curso de medicina da Famema &#8211; Carlos Augusto Cerati de Moraes no Ambulat\u00f3rio de Cefaleia &#8211; Ambulat\u00f3rio M\u00e1rio Covas- disciplinas Neurologia e Educa\u00e7\u00e3o em Ci\u00eancias da Sa\u00fade &#8211; analisando a farmacodin\u00e2mica\u00a0 e farmacocin\u00e9tica dos <a href=\"https:\/\/miltonmarchioli.com.br\/blog\/wp-content\/uploads\/ANTICONVULSIVANTES-CARLOS-AUGUSTO-CERATI-2011.ppt\">principais anticonvulsivantes utilizados na pr\u00e1tica cl\u00ednica neurol\u00f3gica.<\/a><\/p>\n<p>O\u00a0 aluno de medicina deve conhecer os mecanismos de a\u00e7\u00e3o dos principais anticonvulsivantes usados na pr\u00e1tica cl\u00ednica di\u00e1ria.<\/p>\n<p>Os anticonvulsivantes podem ser usados no tratamento de epilepsia, e tamb\u00e9m utilizado na cefaliatria, tais como topiramato e \u00e1cido valpr\u00f3ico.<\/p>\n<p>A epilepsia \u00e9 um dist\u00farbio cerebral causado por descargas el\u00e9tricas anormais dos neur\u00f4nios cerebrais que podem ocorrer em qualquer idade.<\/p>\n<p>\u00c9 caracterizada pela recorr\u00eancia de crises epil\u00e9ticas, causada por descargas parox\u00edsticas de neur\u00f4nios cerebrais, identificadas e classificadas de acordo com a sua descri\u00e7\u00e3o cl\u00ednica.<\/p>\n<p>Esta patologia pode ser considerada um problema de sa\u00fade p\u00fablica e tem ampla distribui\u00e7\u00e3o mundial, sendo classificada em crises parciais ou crises generalizadas.<\/p>\n<p>O diagn\u00f3stico preciso diante das classifica\u00e7\u00f5es \u00e9 necess\u00e1rio para realiza\u00e7\u00e3o de um tratamento adequado e bem sucedido.<\/p>\n<p>As drogas antiepil\u00e9pticas s\u00e3o completamente eficazes no controle das crises em 50-80% dos pacientes.<\/p>\n<p>O termo antiepil\u00e9ptico \u00e9 usado como sin\u00f4nimo dos anticonvulsivantes, para descrever drogas utilizadas no tratamento da epilepsia que obrigatoriamente n\u00e3o causam convuls\u00f5es.<\/p>\n<p>A epilepsia afeta 0,5% a 1% da popula\u00e7\u00e3o, sendo resultado de in\u00fameras etiologias e diversos fatores como: traumatismo no nascimento, incompatibilidade sangu\u00ednea ou hemorragia, doen\u00e7as infecciosas como: meningite, abuso de bebidas alco\u00f3licas, de drogas, tumores cerebrais, traumatismo craniano, doen\u00e7as metab\u00f3licas e acidentes vasculares cerebrais.<\/p>\n<p>Aproximadamente 50% dos casos s\u00e3o idiop\u00e1ticos e muitas vezes n\u00e3o \u00e9 poss\u00edvel conhecer as causas que deram origem \u00e0 epilepsia.<\/p>\n<p>Lutemos por uma Sa\u00fade P\u00fablica com qualidade !<\/p>\n<p><img loading=\"lazy\" decoding=\"async\" class=\"aligncenter size-full wp-image-11898\" src=\"https:\/\/miltonmarchioli.com.br\/blog\/wp-content\/uploads\/drogas-antiepil\u00e9pticas.jpg\" alt=\"drogas antiepil\u00e9pticas\" width=\"320\" height=\"320\" srcset=\"https:\/\/miltonmarchioli.com.br\/blog\/wp-content\/uploads\/drogas-antiepil\u00e9pticas.jpg 320w, https:\/\/miltonmarchioli.com.br\/blog\/wp-content\/uploads\/drogas-antiepil\u00e9pticas-150x150.jpg 150w, https:\/\/miltonmarchioli.com.br\/blog\/wp-content\/uploads\/drogas-antiepil\u00e9pticas-300x300.jpg 300w\" sizes=\"auto, (max-width: 320px) 100vw, 320px\" \/><\/p>\n","protected":false},"excerpt":{"rendered":"<p>Semin\u00e1rio apresentado pelo acad\u00eamico do 4\u00baano do curso de medicina da Famema &#8211; Carlos Augusto Cerati de Moraes no Ambulat\u00f3rio de Cefaleia &#8211; Ambulat\u00f3rio M\u00e1rio Covas- disciplinas Neurologia e Educa\u00e7\u00e3o em Ci\u00eancias da Sa\u00fade &#8211; analisando a farmacodin\u00e2mica\u00a0 e farmacocin\u00e9tica dos principais anticonvulsivantes utilizados na pr\u00e1tica cl\u00ednica neurol\u00f3gica. O\u00a0 aluno de medicina deve conhecer os &hellip; <a href=\"https:\/\/miltonmarchioli.com.br\/blog\/anticonvulsivantes-seminario\/\" class=\"more-link\">Continue lendo <span class=\"screen-reader-text\">Anticonvulsivantes<\/span> <span class=\"meta-nav\">&rarr;<\/span><\/a><\/p>\n","protected":false},"author":2,"featured_media":0,"comment_status":"open","ping_status":"open","sticky":false,"template":"","format":"standard","meta":{"rop_custom_images_group":[],"rop_custom_messages_group":[],"rop_publish_now":"initial","rop_publish_now_accounts":[],"rop_publish_now_history":[],"rop_publish_now_status":"pending","footnotes":""},"categories":[4,13,9],"tags":[591,193],"class_list":["post-984","post","type-post","status-publish","format-standard","hentry","category-neurologia","category-opiniao","category-saude-publica","tag-ambulatorio-cefaleia-ambulatorio-mario-covas-famema","tag-milton-marchioli"],"_links":{"self":[{"href":"https:\/\/miltonmarchioli.com.br\/blog\/wp-json\/wp\/v2\/posts\/984","targetHints":{"allow":["GET"]}}],"collection":[{"href":"https:\/\/miltonmarchioli.com.br\/blog\/wp-json\/wp\/v2\/posts"}],"about":[{"href":"https:\/\/miltonmarchioli.com.br\/blog\/wp-json\/wp\/v2\/types\/post"}],"author":[{"embeddable":true,"href":"https:\/\/miltonmarchioli.com.br\/blog\/wp-json\/wp\/v2\/users\/2"}],"replies":[{"embeddable":true,"href":"https:\/\/miltonmarchioli.com.br\/blog\/wp-json\/wp\/v2\/comments?post=984"}],"version-history":[{"count":12,"href":"https:\/\/miltonmarchioli.com.br\/blog\/wp-json\/wp\/v2\/posts\/984\/revisions"}],"predecessor-version":[{"id":11899,"href":"https:\/\/miltonmarchioli.com.br\/blog\/wp-json\/wp\/v2\/posts\/984\/revisions\/11899"}],"wp:attachment":[{"href":"https:\/\/miltonmarchioli.com.br\/blog\/wp-json\/wp\/v2\/media?parent=984"}],"wp:term":[{"taxonomy":"category","embeddable":true,"href":"https:\/\/miltonmarchioli.com.br\/blog\/wp-json\/wp\/v2\/categories?post=984"},{"taxonomy":"post_tag","embeddable":true,"href":"https:\/\/miltonmarchioli.com.br\/blog\/wp-json\/wp\/v2\/tags?post=984"}],"curies":[{"name":"wp","href":"https:\/\/api.w.org\/{rel}","templated":true}]}}