{"id":1308,"count":1,"description":"","link":"https:\/\/miltonmarchioli.com.br\/blog\/tag\/orcamento-da-saude-publica-em-2016\/","name":"Or\u00e7amento da Sa\u00fade P\u00fablica em 2016","slug":"orcamento-da-saude-publica-em-2016","taxonomy":"post_tag","meta":[],"_links":{"self":[{"href":"https:\/\/miltonmarchioli.com.br\/blog\/wp-json\/wp\/v2\/tags\/1308","targetHints":{"allow":["GET"]}}],"collection":[{"href":"https:\/\/miltonmarchioli.com.br\/blog\/wp-json\/wp\/v2\/tags"}],"about":[{"href":"https:\/\/miltonmarchioli.com.br\/blog\/wp-json\/wp\/v2\/taxonomies\/post_tag"}],"wp:post_type":[{"href":"https:\/\/miltonmarchioli.com.br\/blog\/wp-json\/wp\/v2\/posts?tags=1308"}],"curies":[{"name":"wp","href":"https:\/\/api.w.org\/{rel}","templated":true}]}}