{"id":701,"count":1,"description":"","link":"https:\/\/miltonmarchioli.com.br\/blog\/tag\/jose-correa-carlos-procurado-do-estado-de-sao-paulo\/","name":"Jos\u00e9 Corr\u00eaa Carlos - Procurado do Estado de S\u00e3o Paulo","slug":"jose-correa-carlos-procurado-do-estado-de-sao-paulo","taxonomy":"post_tag","meta":[],"_links":{"self":[{"href":"https:\/\/miltonmarchioli.com.br\/blog\/wp-json\/wp\/v2\/tags\/701","targetHints":{"allow":["GET"]}}],"collection":[{"href":"https:\/\/miltonmarchioli.com.br\/blog\/wp-json\/wp\/v2\/tags"}],"about":[{"href":"https:\/\/miltonmarchioli.com.br\/blog\/wp-json\/wp\/v2\/taxonomies\/post_tag"}],"wp:post_type":[{"href":"https:\/\/miltonmarchioli.com.br\/blog\/wp-json\/wp\/v2\/posts?tags=701"}],"curies":[{"name":"wp","href":"https:\/\/api.w.org\/{rel}","templated":true}]}}